
{"id":19889,"date":"2023-06-17T16:40:25","date_gmt":"2023-06-17T14:40:25","guid":{"rendered":"https:\/\/ecogestion-legt.enseigne.ac-lyon.fr\/legt\/?p=19889&#038;preview=true&#038;preview_id=19889"},"modified":"2023-06-17T16:46:03","modified_gmt":"2023-06-17T14:46:03","slug":"louverture-de-la-phase-complementaire-parcoursup-permet-aux-candidats-qui-le-souhaitent-de-formuler-jusqua-10-nouveaux-voeux","status":"publish","type":"post","link":"https:\/\/ecogestion-legt.enseigne.ac-lyon.fr\/legt\/louverture-de-la-phase-complementaire-parcoursup-permet-aux-candidats-qui-le-souhaitent-de-formuler-jusqua-10-nouveaux-voeux\/","title":{"rendered":"\u00c9coGest Lyon : L&rsquo;ouverture de la\u00a0 phase compl\u00e9mentaire Parcoursup\u00a0 permet aux candidats qui le souhaitent de formuler jusqu\u2019\u00e0 10 nouveaux v\u0153ux"},"content":{"rendered":"<p>Depuis le 15 juin, l&rsquo;ouverture de la\u00a0<a href=\"https:\/\/www.parcoursup.fr\/index.php?desc=phase_complementaire\"> phase compl\u00e9mentaire Parcoursup<\/a> \u00a0 permet aux candidats qui le souhaitent de formuler jusqu\u2019\u00e0 10 nouveaux v\u0153ux dans des formations qui ont des places disponibles. Les candidats recevront les r\u00e9ponses des formations au fur et \u00e0 mesure de la formulation de leurs v\u0153ux. De nombreuses formations sont propos\u00e9es d\u00e8s le d\u00e9but de la phase compl\u00e9mentaire et leur nombre augmentera progressivement. Cette phase s\u2019adresse en particulier aux candidats qui n\u2019ont pas encore re\u00e7u de proposition d\u2019admission. Nous invitons les chefs d\u2019\u00e9tablissement dans les lyc\u00e9es \u00e0 relayer l\u2019information aux professeurs principaux qui accompagnent leurs \u00e9l\u00e8ves.<\/p>\n<p>&nbsp;<\/p>\n","protected":false},"excerpt":{"rendered":"<p>Depuis le 15 juin, l&rsquo;ouverture de la\u00a0 phase compl\u00e9mentaire Parcoursup \u00a0 permet aux candidats qui le souhaitent de formuler jusqu\u2019\u00e0 10 nouveaux v\u0153ux dans des formations qui ont des places disponibles. Les candidats recevront les r\u00e9ponses des formations au fur et \u00e0 mesure de la formulation de leurs v\u0153ux. De nombreuses formations sont propos\u00e9es d\u00e8s [&hellip;]<\/p>\n","protected":false},"author":17,"featured_media":0,"comment_status":"closed","ping_status":"open","sticky":false,"template":"","format":"standard","meta":{"footnotes":""},"categories":[12],"tags":[700,833],"class_list":["post-19889","post","type-post","status-publish","format-standard","hentry","category-flashs","tag-breve","tag-parcousup"],"_links":{"self":[{"href":"https:\/\/ecogestion-legt.enseigne.ac-lyon.fr\/legt\/wp-json\/wp\/v2\/posts\/19889","targetHints":{"allow":["GET"]}}],"collection":[{"href":"https:\/\/ecogestion-legt.enseigne.ac-lyon.fr\/legt\/wp-json\/wp\/v2\/posts"}],"about":[{"href":"https:\/\/ecogestion-legt.enseigne.ac-lyon.fr\/legt\/wp-json\/wp\/v2\/types\/post"}],"author":[{"embeddable":true,"href":"https:\/\/ecogestion-legt.enseigne.ac-lyon.fr\/legt\/wp-json\/wp\/v2\/users\/17"}],"replies":[{"embeddable":true,"href":"https:\/\/ecogestion-legt.enseigne.ac-lyon.fr\/legt\/wp-json\/wp\/v2\/comments?post=19889"}],"version-history":[{"count":4,"href":"https:\/\/ecogestion-legt.enseigne.ac-lyon.fr\/legt\/wp-json\/wp\/v2\/posts\/19889\/revisions"}],"predecessor-version":[{"id":19894,"href":"https:\/\/ecogestion-legt.enseigne.ac-lyon.fr\/legt\/wp-json\/wp\/v2\/posts\/19889\/revisions\/19894"}],"wp:attachment":[{"href":"https:\/\/ecogestion-legt.enseigne.ac-lyon.fr\/legt\/wp-json\/wp\/v2\/media?parent=19889"}],"wp:term":[{"taxonomy":"category","embeddable":true,"href":"https:\/\/ecogestion-legt.enseigne.ac-lyon.fr\/legt\/wp-json\/wp\/v2\/categories?post=19889"},{"taxonomy":"post_tag","embeddable":true,"href":"https:\/\/ecogestion-legt.enseigne.ac-lyon.fr\/legt\/wp-json\/wp\/v2\/tags?post=19889"}],"curies":[{"name":"wp","href":"https:\/\/api.w.org\/{rel}","templated":true}]}}