
{"id":19823,"date":"2023-06-04T22:34:57","date_gmt":"2023-06-04T20:34:57","guid":{"rendered":"https:\/\/ecogestion-legt.enseigne.ac-lyon.fr\/legt\/?p=19823&#038;preview=true&#038;preview_id=19823"},"modified":"2023-06-04T22:38:31","modified_gmt":"2023-06-04T20:38:31","slug":"la-revalorisation-des-remunerations-et-des-carrieres-concerne-tous-les-professeurs-du-2nd-degre","status":"publish","type":"post","link":"https:\/\/ecogestion-legt.enseigne.ac-lyon.fr\/legt\/la-revalorisation-des-remunerations-et-des-carrieres-concerne-tous-les-professeurs-du-2nd-degre\/","title":{"rendered":"\u00c9coGest Lyon : La revalorisation des r\u00e9mun\u00e9rations et des carri\u00e8res concerne tous les professeurs du 2nd degr\u00e9 &#8230;"},"content":{"rendered":"<p>La revalorisation des r\u00e9mun\u00e9rations et des carri\u00e8res concerne tous les professeurs du 2nd degr\u00e9, tous les conseillers principaux d\u2019\u00e9ducation (CPE) et tous les psychologues de l\u2019\u00c9ducation nationale (PsyEN EDO). Il est important de conna\u00eetre avec pr\u00e9cision les mesures en question, notamment le pacte enseignant.<\/p>\n<p>Pour ce faire le minist\u00e8re met \u00e0\u00a0 disposition deux documents\u00a0 :<\/p>\n<p>&#8211; l\u2019un pr\u00e9cise les missions compl\u00e9mentaires des professeurs exer\u00e7ant en lyc\u00e9e d\u2019enseignement g\u00e9n\u00e9ral et technologique ;<\/p>\n<p>&#8211; l\u2019autre les indique pour les professeurs exer\u00e7ant en lyc\u00e9e professionnel.<\/p>\n<p>Ces documents sont t\u00e9l\u00e9chargeables sur le site du minist\u00e8re :<\/p>\n<p>Enseignement g\u00e9n\u00e9ral et technologique :<a href=\"https:\/\/education.gouv.fr\/media\/155630\/download\" target=\"_blank\" rel=\"noopener\"> https:\/\/education.gouv.fr\/media\/155630\/download<\/a><\/p>\n<p>Enseignement professionnel : <a href=\"https:\/\/education.gouv.fr\/media\/155633\/download\" target=\"_blank\" rel=\"noopener\">https:\/\/education.gouv.fr\/media\/155633\/download<\/a><\/p>\n<p>&nbsp;<\/p>\n<p>&nbsp;<\/p>\n<p>&nbsp;<\/p>\n","protected":false},"excerpt":{"rendered":"<p>La revalorisation des r\u00e9mun\u00e9rations et des carri\u00e8res concerne tous les professeurs du 2nd degr\u00e9, tous les conseillers principaux d\u2019\u00e9ducation (CPE) et tous les psychologues de l\u2019\u00c9ducation nationale (PsyEN EDO). Il est important de conna\u00eetre avec pr\u00e9cision les mesures en question, notamment le pacte enseignant. Pour ce faire le minist\u00e8re met \u00e0\u00a0 disposition deux documents\u00a0 : [&hellip;]<\/p>\n","protected":false},"author":17,"featured_media":0,"comment_status":"closed","ping_status":"open","sticky":false,"template":"","format":"standard","meta":{"footnotes":""},"categories":[12],"tags":[700,831],"class_list":["post-19823","post","type-post","status-publish","format-standard","hentry","category-flashs","tag-breve","tag-revalorisation"],"_links":{"self":[{"href":"https:\/\/ecogestion-legt.enseigne.ac-lyon.fr\/legt\/wp-json\/wp\/v2\/posts\/19823","targetHints":{"allow":["GET"]}}],"collection":[{"href":"https:\/\/ecogestion-legt.enseigne.ac-lyon.fr\/legt\/wp-json\/wp\/v2\/posts"}],"about":[{"href":"https:\/\/ecogestion-legt.enseigne.ac-lyon.fr\/legt\/wp-json\/wp\/v2\/types\/post"}],"author":[{"embeddable":true,"href":"https:\/\/ecogestion-legt.enseigne.ac-lyon.fr\/legt\/wp-json\/wp\/v2\/users\/17"}],"replies":[{"embeddable":true,"href":"https:\/\/ecogestion-legt.enseigne.ac-lyon.fr\/legt\/wp-json\/wp\/v2\/comments?post=19823"}],"version-history":[{"count":3,"href":"https:\/\/ecogestion-legt.enseigne.ac-lyon.fr\/legt\/wp-json\/wp\/v2\/posts\/19823\/revisions"}],"predecessor-version":[{"id":19826,"href":"https:\/\/ecogestion-legt.enseigne.ac-lyon.fr\/legt\/wp-json\/wp\/v2\/posts\/19823\/revisions\/19826"}],"wp:attachment":[{"href":"https:\/\/ecogestion-legt.enseigne.ac-lyon.fr\/legt\/wp-json\/wp\/v2\/media?parent=19823"}],"wp:term":[{"taxonomy":"category","embeddable":true,"href":"https:\/\/ecogestion-legt.enseigne.ac-lyon.fr\/legt\/wp-json\/wp\/v2\/categories?post=19823"},{"taxonomy":"post_tag","embeddable":true,"href":"https:\/\/ecogestion-legt.enseigne.ac-lyon.fr\/legt\/wp-json\/wp\/v2\/tags?post=19823"}],"curies":[{"name":"wp","href":"https:\/\/api.w.org\/{rel}","templated":true}]}}