
{"id":19733,"date":"2023-05-15T07:05:02","date_gmt":"2023-05-15T05:05:02","guid":{"rendered":"https:\/\/ecogestion-legt.enseigne.ac-lyon.fr\/legt\/?p=19733&#038;preview=true&#038;preview_id=19733"},"modified":"2023-05-22T07:50:25","modified_gmt":"2023-05-22T05:50:25","slug":"message-hebdo-29-lundi-15-mai-2023","status":"publish","type":"post","link":"https:\/\/ecogestion-legt.enseigne.ac-lyon.fr\/legt\/message-hebdo-29-lundi-15-mai-2023\/","title":{"rendered":"\u00c9coGest Lyon : Message hebdo #29 &#8211; Lundi 15 Mai 2023"},"content":{"rendered":"<p><h4>SOMMAIRE<\/h4><h5 style='color: #2195de'>FOCUS - BREVE<\/h5>> La direction de l'\u00e9valuation, de la prospective et de la performance<br><h5 style='color: #2195de'>FORMATIONS - RH<\/h5>> Le label \u201c\u00c9cole de la profession\u201d<br><h5 style='color: #2195de'>EXAMENS - CONCOURS<\/h5>> CCF : remont\u00e9e des notes des BTS du tertiaire<br><h5 style='color: #2195de'>ACTUALITES - AGENDA<\/h5>> Tableau des outils num\u00e9riques (Signal\u00e9 par Philippe Brimbeuf)<br>> CEJM et r\u00c9volution industrielle (Signal\u00e9 par\u00a0A. Combaluzier & T. Lachal)<br>> Quel accompagnement p\u00e9dagogique dans et pour l'enseignement sup\u00e9rieur ?<br><br\/><p><\/p><a class=\"more-link\" href=\"\/legt\/?post_type=newsletter&p=19728\">Lire le message hebdo<\/a><!--more--><\/p>\n","protected":false},"excerpt":{"rendered":"","protected":false},"author":17,"featured_media":19718,"comment_status":"closed","ping_status":"closed","sticky":false,"template":"","format":"standard","meta":{"footnotes":""},"categories":[14],"tags":[558,562,573,578,579,741],"class_list":["post-19733","post","type-post","status-publish","format-standard","has-post-thumbnail","hentry","category-les-articles-lies-au-message-hebdo","tag-ecogest","tag-ecogestion","tag-economie-et-gestion","tag-message-hebdo","tag-newsletter","tag-lettre_info"],"_links":{"self":[{"href":"https:\/\/ecogestion-legt.enseigne.ac-lyon.fr\/legt\/wp-json\/wp\/v2\/posts\/19733","targetHints":{"allow":["GET"]}}],"collection":[{"href":"https:\/\/ecogestion-legt.enseigne.ac-lyon.fr\/legt\/wp-json\/wp\/v2\/posts"}],"about":[{"href":"https:\/\/ecogestion-legt.enseigne.ac-lyon.fr\/legt\/wp-json\/wp\/v2\/types\/post"}],"author":[{"embeddable":true,"href":"https:\/\/ecogestion-legt.enseigne.ac-lyon.fr\/legt\/wp-json\/wp\/v2\/users\/17"}],"replies":[{"embeddable":true,"href":"https:\/\/ecogestion-legt.enseigne.ac-lyon.fr\/legt\/wp-json\/wp\/v2\/comments?post=19733"}],"version-history":[{"count":2,"href":"https:\/\/ecogestion-legt.enseigne.ac-lyon.fr\/legt\/wp-json\/wp\/v2\/posts\/19733\/revisions"}],"predecessor-version":[{"id":19770,"href":"https:\/\/ecogestion-legt.enseigne.ac-lyon.fr\/legt\/wp-json\/wp\/v2\/posts\/19733\/revisions\/19770"}],"wp:featuredmedia":[{"embeddable":true,"href":"https:\/\/ecogestion-legt.enseigne.ac-lyon.fr\/legt\/wp-json\/wp\/v2\/media\/19718"}],"wp:attachment":[{"href":"https:\/\/ecogestion-legt.enseigne.ac-lyon.fr\/legt\/wp-json\/wp\/v2\/media?parent=19733"}],"wp:term":[{"taxonomy":"category","embeddable":true,"href":"https:\/\/ecogestion-legt.enseigne.ac-lyon.fr\/legt\/wp-json\/wp\/v2\/categories?post=19733"},{"taxonomy":"post_tag","embeddable":true,"href":"https:\/\/ecogestion-legt.enseigne.ac-lyon.fr\/legt\/wp-json\/wp\/v2\/tags?post=19733"}],"curies":[{"name":"wp","href":"https:\/\/api.w.org\/{rel}","templated":true}]}}