
{"id":19691,"date":"2023-05-08T20:54:17","date_gmt":"2023-05-08T18:54:17","guid":{"rendered":"https:\/\/ecogestion-legt.enseigne.ac-lyon.fr\/legt\/?p=19691&#038;preview=true&#038;preview_id=19691"},"modified":"2023-05-08T20:56:08","modified_gmt":"2023-05-08T18:56:08","slug":"conduire-un-projet-pour-motiver-vos-eleves-travailler-des-competences-disciplinaires-ou-transversales-favoriser-le-travail-collaboratif-ou-les-entrainer-a-loral","status":"publish","type":"post","link":"https:\/\/ecogestion-legt.enseigne.ac-lyon.fr\/legt\/conduire-un-projet-pour-motiver-vos-eleves-travailler-des-competences-disciplinaires-ou-transversales-favoriser-le-travail-collaboratif-ou-les-entrainer-a-loral\/","title":{"rendered":"\u00c9coGest Lyon : Conduire un projet pour motiver vos \u00e9l\u00e8ves,&#8230;"},"content":{"rendered":"<p>Vous souhaitez conduire un projet pour motiver vos \u00e9l\u00e8ves, travailler des comp\u00e9tences disciplinaires ou transversales, favoriser le travail collaboratif ou les entra\u00eener \u00e0 l&rsquo;oral. Nous vous proposons informations et outils pour vous aider \u00e0 le mettre en place.<\/p>\n<p><a href=\"https:\/\/eduscol.education.fr\/100\/je-mene-un-projet-avec-mes-eleves\">Je m\u00e8ne un projet avec mes \u00e9l\u00e8ves | \u00e9duscol | Minist\u00e8re de l&rsquo;\u00c9ducation nationale et de la Jeunesse &#8211; Direction g\u00e9n\u00e9rale de l&rsquo;enseignement scolaire (education.fr)<\/a><\/p>\n<p>&nbsp;<\/p>\n<p>&nbsp;<\/p>\n<p>&nbsp;<\/p>\n<p>&nbsp;<\/p>\n<p>&nbsp;<\/p>\n","protected":false},"excerpt":{"rendered":"<p>Vous souhaitez conduire un projet pour motiver vos \u00e9l\u00e8ves, travailler des comp\u00e9tences disciplinaires ou transversales, favoriser le travail collaboratif ou les entra\u00eener \u00e0 l&rsquo;oral. Nous vous proposons informations et outils pour vous aider \u00e0 le mettre en place. Je m\u00e8ne un projet avec mes \u00e9l\u00e8ves | \u00e9duscol | Minist\u00e8re de l&rsquo;\u00c9ducation nationale et de la [&hellip;]<\/p>\n","protected":false},"author":17,"featured_media":0,"comment_status":"closed","ping_status":"open","sticky":false,"template":"","format":"standard","meta":{"footnotes":""},"categories":[12],"tags":[700,823],"class_list":["post-19691","post","type-post","status-publish","format-standard","hentry","category-flashs","tag-breve","tag-fond-dinnovation-pedagogique"],"_links":{"self":[{"href":"https:\/\/ecogestion-legt.enseigne.ac-lyon.fr\/legt\/wp-json\/wp\/v2\/posts\/19691","targetHints":{"allow":["GET"]}}],"collection":[{"href":"https:\/\/ecogestion-legt.enseigne.ac-lyon.fr\/legt\/wp-json\/wp\/v2\/posts"}],"about":[{"href":"https:\/\/ecogestion-legt.enseigne.ac-lyon.fr\/legt\/wp-json\/wp\/v2\/types\/post"}],"author":[{"embeddable":true,"href":"https:\/\/ecogestion-legt.enseigne.ac-lyon.fr\/legt\/wp-json\/wp\/v2\/users\/17"}],"replies":[{"embeddable":true,"href":"https:\/\/ecogestion-legt.enseigne.ac-lyon.fr\/legt\/wp-json\/wp\/v2\/comments?post=19691"}],"version-history":[{"count":2,"href":"https:\/\/ecogestion-legt.enseigne.ac-lyon.fr\/legt\/wp-json\/wp\/v2\/posts\/19691\/revisions"}],"predecessor-version":[{"id":19693,"href":"https:\/\/ecogestion-legt.enseigne.ac-lyon.fr\/legt\/wp-json\/wp\/v2\/posts\/19691\/revisions\/19693"}],"wp:attachment":[{"href":"https:\/\/ecogestion-legt.enseigne.ac-lyon.fr\/legt\/wp-json\/wp\/v2\/media?parent=19691"}],"wp:term":[{"taxonomy":"category","embeddable":true,"href":"https:\/\/ecogestion-legt.enseigne.ac-lyon.fr\/legt\/wp-json\/wp\/v2\/categories?post=19691"},{"taxonomy":"post_tag","embeddable":true,"href":"https:\/\/ecogestion-legt.enseigne.ac-lyon.fr\/legt\/wp-json\/wp\/v2\/tags?post=19691"}],"curies":[{"name":"wp","href":"https:\/\/api.w.org\/{rel}","templated":true}]}}