
{"id":19534,"date":"2023-04-01T20:08:11","date_gmt":"2023-04-01T18:08:11","guid":{"rendered":"https:\/\/ecogestion-legt.enseigne.ac-lyon.fr\/legt\/?p=19534&#038;preview=true&#038;preview_id=19534"},"modified":"2023-04-01T20:11:33","modified_gmt":"2023-04-01T18:11:33","slug":"le-printemps-de-leconomie","status":"publish","type":"post","link":"https:\/\/ecogestion-legt.enseigne.ac-lyon.fr\/legt\/le-printemps-de-leconomie\/","title":{"rendered":"\u00c9coGest Lyon : Le Printemps de l&rsquo;\u00c9conomie"},"content":{"rendered":"<p><a href=\"http:\/\/www.printempsdeleco.fr\/\">Le Printemps de l\u2019\u00c9conomie<\/a> est un cycle annuel de conf\u00e9rences et de d\u00e9bats, gratuits, ouverts sur inscription, \u00e0 destination des \u00e9l\u00e8ves et de leurs professeurs. Cet \u00e9v\u00e9nement se tient habituellement \u00e0 Paris au mois de mars. En raison de la situation sanitaire, les conf\u00e9rences se tiennent dor\u00e9navant en automne.<\/p>\n<p>&nbsp;<\/p>\n<p>&nbsp;<\/p>\n<p>&nbsp;<\/p>\n<p>&nbsp;<\/p>\n","protected":false},"excerpt":{"rendered":"<p>Le Printemps de l\u2019\u00c9conomie est un cycle annuel de conf\u00e9rences et de d\u00e9bats, gratuits, ouverts sur inscription, \u00e0 destination des \u00e9l\u00e8ves et de leurs professeurs. Cet \u00e9v\u00e9nement se tient habituellement \u00e0 Paris au mois de mars. En raison de la situation sanitaire, les conf\u00e9rences se tiennent dor\u00e9navant en automne. &nbsp; &nbsp; &nbsp; &nbsp;<\/p>\n","protected":false},"author":17,"featured_media":0,"comment_status":"closed","ping_status":"open","sticky":false,"template":"","format":"standard","meta":{"footnotes":""},"categories":[12],"tags":[533,700],"class_list":["post-19534","post","type-post","status-publish","format-standard","hentry","category-flashs","tag-economie","tag-breve"],"_links":{"self":[{"href":"https:\/\/ecogestion-legt.enseigne.ac-lyon.fr\/legt\/wp-json\/wp\/v2\/posts\/19534","targetHints":{"allow":["GET"]}}],"collection":[{"href":"https:\/\/ecogestion-legt.enseigne.ac-lyon.fr\/legt\/wp-json\/wp\/v2\/posts"}],"about":[{"href":"https:\/\/ecogestion-legt.enseigne.ac-lyon.fr\/legt\/wp-json\/wp\/v2\/types\/post"}],"author":[{"embeddable":true,"href":"https:\/\/ecogestion-legt.enseigne.ac-lyon.fr\/legt\/wp-json\/wp\/v2\/users\/17"}],"replies":[{"embeddable":true,"href":"https:\/\/ecogestion-legt.enseigne.ac-lyon.fr\/legt\/wp-json\/wp\/v2\/comments?post=19534"}],"version-history":[{"count":1,"href":"https:\/\/ecogestion-legt.enseigne.ac-lyon.fr\/legt\/wp-json\/wp\/v2\/posts\/19534\/revisions"}],"predecessor-version":[{"id":19535,"href":"https:\/\/ecogestion-legt.enseigne.ac-lyon.fr\/legt\/wp-json\/wp\/v2\/posts\/19534\/revisions\/19535"}],"wp:attachment":[{"href":"https:\/\/ecogestion-legt.enseigne.ac-lyon.fr\/legt\/wp-json\/wp\/v2\/media?parent=19534"}],"wp:term":[{"taxonomy":"category","embeddable":true,"href":"https:\/\/ecogestion-legt.enseigne.ac-lyon.fr\/legt\/wp-json\/wp\/v2\/categories?post=19534"},{"taxonomy":"post_tag","embeddable":true,"href":"https:\/\/ecogestion-legt.enseigne.ac-lyon.fr\/legt\/wp-json\/wp\/v2\/tags?post=19534"}],"curies":[{"name":"wp","href":"https:\/\/api.w.org\/{rel}","templated":true}]}}