
{"id":19511,"date":"2023-03-26T16:14:23","date_gmt":"2023-03-26T14:14:23","guid":{"rendered":"https:\/\/ecogestion-legt.enseigne.ac-lyon.fr\/legt\/?p=19511&#038;preview=true&#038;preview_id=19511"},"modified":"2023-04-01T20:08:03","modified_gmt":"2023-04-01T18:08:03","slug":"le-printemps-de-lorientationorganise-en-mars-a-pour-vocation-daider-les-eleves-de-seconde-et-de-premiere-a-preparer-leurs-choix-dorientation","status":"publish","type":"post","link":"https:\/\/ecogestion-legt.enseigne.ac-lyon.fr\/legt\/le-printemps-de-lorientationorganise-en-mars-a-pour-vocation-daider-les-eleves-de-seconde-et-de-premiere-a-preparer-leurs-choix-dorientation\/","title":{"rendered":"\u00c9coGest Lyon : Le Printemps de l&rsquo;Orientation organis\u00e9 en mars, a pour vocation d&rsquo;aider les \u00e9l\u00e8ves de seconde et de premi\u00e8re \u00e0 pr\u00e9parer leurs choix d&rsquo;orientation."},"content":{"rendered":"<p><a href=\"https:\/\/www.education.gouv.fr\/reussir-au-lycee\/le-printemps-de-l-orientation-327179\" target=\"_blank\" rel=\"noopener\"><strong>Le Printemps de l&rsquo;Orientation<\/strong><\/a>, organis\u00e9 en mars, a pour vocation d&rsquo;aider les \u00e9l\u00e8ves de seconde et de premi\u00e8re \u00e0 pr\u00e9parer leurs choix d&rsquo;orientation.<\/p>\n<p>&nbsp;<\/p>\n<p>&nbsp;<\/p>\n<p>&nbsp;<\/p>\n<p>&nbsp;<\/p>\n","protected":false},"excerpt":{"rendered":"<p>Le Printemps de l&rsquo;Orientation, organis\u00e9 en mars, a pour vocation d&rsquo;aider les \u00e9l\u00e8ves de seconde et de premi\u00e8re \u00e0 pr\u00e9parer leurs choix d&rsquo;orientation. &nbsp; &nbsp; &nbsp; &nbsp;<\/p>\n","protected":false},"author":17,"featured_media":0,"comment_status":"closed","ping_status":"open","sticky":false,"template":"","format":"standard","meta":{"footnotes":""},"categories":[12],"tags":[493,700],"class_list":["post-19511","post","type-post","status-publish","format-standard","hentry","category-flashs","tag-orientation","tag-breve"],"_links":{"self":[{"href":"https:\/\/ecogestion-legt.enseigne.ac-lyon.fr\/legt\/wp-json\/wp\/v2\/posts\/19511","targetHints":{"allow":["GET"]}}],"collection":[{"href":"https:\/\/ecogestion-legt.enseigne.ac-lyon.fr\/legt\/wp-json\/wp\/v2\/posts"}],"about":[{"href":"https:\/\/ecogestion-legt.enseigne.ac-lyon.fr\/legt\/wp-json\/wp\/v2\/types\/post"}],"author":[{"embeddable":true,"href":"https:\/\/ecogestion-legt.enseigne.ac-lyon.fr\/legt\/wp-json\/wp\/v2\/users\/17"}],"replies":[{"embeddable":true,"href":"https:\/\/ecogestion-legt.enseigne.ac-lyon.fr\/legt\/wp-json\/wp\/v2\/comments?post=19511"}],"version-history":[{"count":2,"href":"https:\/\/ecogestion-legt.enseigne.ac-lyon.fr\/legt\/wp-json\/wp\/v2\/posts\/19511\/revisions"}],"predecessor-version":[{"id":19533,"href":"https:\/\/ecogestion-legt.enseigne.ac-lyon.fr\/legt\/wp-json\/wp\/v2\/posts\/19511\/revisions\/19533"}],"wp:attachment":[{"href":"https:\/\/ecogestion-legt.enseigne.ac-lyon.fr\/legt\/wp-json\/wp\/v2\/media?parent=19511"}],"wp:term":[{"taxonomy":"category","embeddable":true,"href":"https:\/\/ecogestion-legt.enseigne.ac-lyon.fr\/legt\/wp-json\/wp\/v2\/categories?post=19511"},{"taxonomy":"post_tag","embeddable":true,"href":"https:\/\/ecogestion-legt.enseigne.ac-lyon.fr\/legt\/wp-json\/wp\/v2\/tags?post=19511"}],"curies":[{"name":"wp","href":"https:\/\/api.w.org\/{rel}","templated":true}]}}