
{"id":19454,"date":"2023-03-17T17:17:42","date_gmt":"2023-03-17T16:17:42","guid":{"rendered":"https:\/\/ecogestion-legt.enseigne.ac-lyon.fr\/legt\/?p=19454&#038;preview=true&#038;preview_id=19454"},"modified":"2023-03-17T17:20:11","modified_gmt":"2023-03-17T16:20:11","slug":"la-semaine-de-leconomie-sociale-et-solidaire-ess-a-lecole","status":"publish","type":"post","link":"https:\/\/ecogestion-legt.enseigne.ac-lyon.fr\/legt\/la-semaine-de-leconomie-sociale-et-solidaire-ess-a-lecole\/","title":{"rendered":"\u00c9coGest Lyon : La Semaine de l&rsquo;\u00e9conomie sociale et solidaire (ESS) \u00e0 l&rsquo;\u00c9cole"},"content":{"rendered":"<p>&nbsp;<\/p>\n<p><a href=\"https:\/\/emea01.safelinks.protection.outlook.com\/?url=https%3A%2F%2Feduscol.education.fr%2F3262%2Fla-semaine-de-l-economie-sociale-et-solidaire-l-ecole&amp;data=05%7C01%7C%7C0a097e251f4745e6291908db26402967%7C84df9e7fe9f640afb435aaaaaaaaaaaa%7C1%7C0%7C638145829244475410%7CUnknown%7CTWFpbGZsb3d8eyJWIjoiMC4wLjAwMDAiLCJQIjoiV2luMzIiLCJBTiI6Ik1haWwiLCJXVCI6Mn0%3D%7C3000%7C%7C%7C&amp;sdata=3B%2B07sRE6gGXJlnqDJRcEkHvnrRkciI4j9GlWzjY6wM%3D&amp;reserved=0\">La Semaine de l&rsquo;\u00e9conomie sociale et solidaire (ESS) \u00e0 l&rsquo;\u00c9cole<\/a> fait d\u00e9couvrir \u00e0 l&rsquo;ensemble des \u00e9l\u00e8ves du primaire et du secondaire le secteur et les valeurs de l&rsquo;\u00e9conomie sociale et solidaire : la d\u00e9mocratie, la coop\u00e9ration, la solidarit\u00e9, la citoyennet\u00e9, la durabilit\u00e9, <em>etc.<\/em><\/p>\n<p>&nbsp;<\/p>\n<p>&nbsp;<\/p>\n<p>&nbsp;<\/p>\n<p>&nbsp;<\/p>\n","protected":false},"excerpt":{"rendered":"<p>&nbsp; La Semaine de l&rsquo;\u00e9conomie sociale et solidaire (ESS) \u00e0 l&rsquo;\u00c9cole fait d\u00e9couvrir \u00e0 l&rsquo;ensemble des \u00e9l\u00e8ves du primaire et du secondaire le secteur et les valeurs de l&rsquo;\u00e9conomie sociale et solidaire : la d\u00e9mocratie, la coop\u00e9ration, la solidarit\u00e9, la citoyennet\u00e9, la durabilit\u00e9, etc. &nbsp; &nbsp; &nbsp; &nbsp;<\/p>\n","protected":false},"author":17,"featured_media":0,"comment_status":"closed","ping_status":"open","sticky":false,"template":"","format":"standard","meta":{"footnotes":""},"categories":[12],"tags":[493,700,724],"class_list":["post-19454","post","type-post","status-publish","format-standard","hentry","category-flashs","tag-orientation","tag-breve","tag-ess"],"_links":{"self":[{"href":"https:\/\/ecogestion-legt.enseigne.ac-lyon.fr\/legt\/wp-json\/wp\/v2\/posts\/19454","targetHints":{"allow":["GET"]}}],"collection":[{"href":"https:\/\/ecogestion-legt.enseigne.ac-lyon.fr\/legt\/wp-json\/wp\/v2\/posts"}],"about":[{"href":"https:\/\/ecogestion-legt.enseigne.ac-lyon.fr\/legt\/wp-json\/wp\/v2\/types\/post"}],"author":[{"embeddable":true,"href":"https:\/\/ecogestion-legt.enseigne.ac-lyon.fr\/legt\/wp-json\/wp\/v2\/users\/17"}],"replies":[{"embeddable":true,"href":"https:\/\/ecogestion-legt.enseigne.ac-lyon.fr\/legt\/wp-json\/wp\/v2\/comments?post=19454"}],"version-history":[{"count":2,"href":"https:\/\/ecogestion-legt.enseigne.ac-lyon.fr\/legt\/wp-json\/wp\/v2\/posts\/19454\/revisions"}],"predecessor-version":[{"id":19456,"href":"https:\/\/ecogestion-legt.enseigne.ac-lyon.fr\/legt\/wp-json\/wp\/v2\/posts\/19454\/revisions\/19456"}],"wp:attachment":[{"href":"https:\/\/ecogestion-legt.enseigne.ac-lyon.fr\/legt\/wp-json\/wp\/v2\/media?parent=19454"}],"wp:term":[{"taxonomy":"category","embeddable":true,"href":"https:\/\/ecogestion-legt.enseigne.ac-lyon.fr\/legt\/wp-json\/wp\/v2\/categories?post=19454"},{"taxonomy":"post_tag","embeddable":true,"href":"https:\/\/ecogestion-legt.enseigne.ac-lyon.fr\/legt\/wp-json\/wp\/v2\/tags?post=19454"}],"curies":[{"name":"wp","href":"https:\/\/api.w.org\/{rel}","templated":true}]}}