
{"id":19260,"date":"2023-02-26T23:04:34","date_gmt":"2023-02-26T22:04:34","guid":{"rendered":"https:\/\/ecogestion-legt.enseigne.ac-lyon.fr\/legt\/?p=19260&#038;preview=true&#038;preview_id=19260"},"modified":"2023-02-27T18:21:22","modified_gmt":"2023-02-27T17:21:22","slug":"semaine-de-la-presse-et-des-medias-dans-lecole-2","status":"publish","type":"post","link":"https:\/\/ecogestion-legt.enseigne.ac-lyon.fr\/legt\/semaine-de-la-presse-et-des-medias-dans-lecole-2\/","title":{"rendered":"\u00c9coGest Lyon : Semaine de la presse et des m\u00e9dias dans l\u2019\u00c9cole\u00ae"},"content":{"rendered":"<p>Du 27 mars au 1er avril !<\/p>\n<p>La Semaine de la presse et des m\u00e9dias dans l&rsquo;\u00c9cole\u00ae est organis\u00e9e chaque ann\u00e9e par le Centre pour l&rsquo;\u00e9ducation aux m\u00e9dias et \u00e0 l&rsquo;information (CLEMI). Elle vise \u00e0 permettre aux \u00e9l\u00e8ves d&rsquo;exercer leur citoyennet\u00e9 dans une soci\u00e9t\u00e9 de l&rsquo;information et de la communication, \u00e0 former des \u00ab\u00a0cybercitoyens\u00a0\u00bb \u00e9clair\u00e9s et responsables, capables de s\u2019informer de mani\u00e8re autonome en exer\u00e7ant leur esprit critique.<\/p>\n<p>Pour sa 34e \u00e9dition, la Semaine de la presse et des m\u00e9dias dans l\u2019\u00c9cole\u00ae invite tous les professeurs et les \u00e9l\u00e8ves \u00e0 s\u2019emparer d\u2019une nouvelle th\u00e9matique \u00ab\u00a0L\u2019info sur tous les fronts\u00a0\u00bb.<\/p>\n<p>&nbsp;<\/p>\n<p>&nbsp;<\/p>\n<p>&nbsp;<\/p>\n<p>&nbsp;<\/p>\n<p>&nbsp;<\/p>\n<p>&nbsp;<\/p>\n<p>&nbsp;<\/p>\n","protected":false},"excerpt":{"rendered":"<p>Du 27 mars au 1er avril ! La Semaine de la presse et des m\u00e9dias dans l&rsquo;\u00c9cole\u00ae est organis\u00e9e chaque ann\u00e9e par le Centre pour l&rsquo;\u00e9ducation aux m\u00e9dias et \u00e0 l&rsquo;information (CLEMI). Elle vise \u00e0 permettre aux \u00e9l\u00e8ves d&rsquo;exercer leur citoyennet\u00e9 dans une soci\u00e9t\u00e9 de l&rsquo;information et de la communication, \u00e0 former des \u00ab\u00a0cybercitoyens\u00a0\u00bb \u00e9clair\u00e9s [&hellip;]<\/p>\n","protected":false},"author":17,"featured_media":0,"comment_status":"closed","ping_status":"open","sticky":false,"template":"","format":"standard","meta":{"footnotes":""},"categories":[12],"tags":[570,700,812],"class_list":["post-19260","post","type-post","status-publish","format-standard","hentry","category-flashs","tag-semaine-de-la-presse","tag-breve","tag-ecole"],"_links":{"self":[{"href":"https:\/\/ecogestion-legt.enseigne.ac-lyon.fr\/legt\/wp-json\/wp\/v2\/posts\/19260","targetHints":{"allow":["GET"]}}],"collection":[{"href":"https:\/\/ecogestion-legt.enseigne.ac-lyon.fr\/legt\/wp-json\/wp\/v2\/posts"}],"about":[{"href":"https:\/\/ecogestion-legt.enseigne.ac-lyon.fr\/legt\/wp-json\/wp\/v2\/types\/post"}],"author":[{"embeddable":true,"href":"https:\/\/ecogestion-legt.enseigne.ac-lyon.fr\/legt\/wp-json\/wp\/v2\/users\/17"}],"replies":[{"embeddable":true,"href":"https:\/\/ecogestion-legt.enseigne.ac-lyon.fr\/legt\/wp-json\/wp\/v2\/comments?post=19260"}],"version-history":[{"count":2,"href":"https:\/\/ecogestion-legt.enseigne.ac-lyon.fr\/legt\/wp-json\/wp\/v2\/posts\/19260\/revisions"}],"predecessor-version":[{"id":19300,"href":"https:\/\/ecogestion-legt.enseigne.ac-lyon.fr\/legt\/wp-json\/wp\/v2\/posts\/19260\/revisions\/19300"}],"wp:attachment":[{"href":"https:\/\/ecogestion-legt.enseigne.ac-lyon.fr\/legt\/wp-json\/wp\/v2\/media?parent=19260"}],"wp:term":[{"taxonomy":"category","embeddable":true,"href":"https:\/\/ecogestion-legt.enseigne.ac-lyon.fr\/legt\/wp-json\/wp\/v2\/categories?post=19260"},{"taxonomy":"post_tag","embeddable":true,"href":"https:\/\/ecogestion-legt.enseigne.ac-lyon.fr\/legt\/wp-json\/wp\/v2\/tags?post=19260"}],"curies":[{"name":"wp","href":"https:\/\/api.w.org\/{rel}","templated":true}]}}