
{"id":19220,"date":"2023-02-24T10:03:40","date_gmt":"2023-02-24T09:03:40","guid":{"rendered":"https:\/\/ecogestion-legt.enseigne.ac-lyon.fr\/legt\/?p=19220"},"modified":"2025-01-20T08:31:32","modified_gmt":"2025-01-20T07:31:32","slug":"animation-de-la-filiere-comptabilite-et-gestion","status":"publish","type":"post","link":"https:\/\/ecogestion-legt.enseigne.ac-lyon.fr\/legt\/animation-de-la-filiere-comptabilite-et-gestion\/","title":{"rendered":"\u00c9coGest Lyon : Animation de la fili\u00e8re comptabilit\u00e9 et gestion"},"content":{"rendered":"<h2>Une journ\u00e9e de formation en deux temps<\/h2>\n<p>&nbsp;<\/p>\n<p>Plus de 60 coll\u00e8gues enseignant en <strong>BTS Comptabilit\u00e9 gestion, DCG et DSCG<\/strong> se sont r\u00e9unis au lyc\u00e9e Parc Chabri\u00e8res \u00e0 Oullins mardi 24 janvier 2023 dans le cadre <strong>du parcours de l\u2019EAFC animation de la fili\u00e8re comptabilit\u00e9 et gestion.<\/strong><\/p>\n<p>Pour l\u2019occasion, 4 <strong>conf\u00e9renciers <\/strong>ont \u00e9t\u00e9 <strong>associ\u00e9s \u00e0 ce parcours<\/strong> le matin pour aborder des <strong>th\u00e9matiques relevant du contr\u00f4le de gestion, du management et du droit social<\/strong>. L\u2019apr\u00e8s-midi, les <strong>enseignants<\/strong> ont \u00e9t\u00e9 r\u00e9partis par groupes de 4 pour <strong>b\u00e2tir des situations de travail \u00e0 destination des \u00e9tudiants<\/strong> prenant appui sur les th\u00e8mes abord\u00e9s le matin.<\/p>\n<p>&nbsp;<\/p>\n<p><strong>Les podcasts<\/strong> de la journ\u00e9e sont \u00e9galement disponibles en bas de page.<\/p>\n<p>En savoir davantage [gview file=\u00a0\u00bbhttps:\/\/ecogestion-legt.enseigne.ac-lyon.fr\/legt\/wp-content\/uploads\/2023\/01\/Formation-du-240123.pdf\u00a0\u00bb]<\/p>\n<h3>Retrouver les podcasts de la journ\u00e9e :<\/h3>\n<p>Avec la participation de Marianne Cr\u00e9millieu et de Nicolas Paturel<\/p>\n<p>&nbsp;<\/p>\n<p><a href=\"https:\/\/tube.ac-lyon.fr\/w\/5VuUwUZdLedjgJVPSifpLX\" target=\"_blank\" rel=\"noopener\">Le Podcast de la conf\u00e9rence<\/a><\/p>\n<p><a href=\"https:\/\/tube.ac-lyon.fr\/w\/iKkrBBChZ6CPEQtNunsKSx\" target=\"_blank\" rel=\"noopener\">Le Podcast de l&rsquo;actualit\u00e9 juridique<\/a><\/p>\n<p><a href=\"https:\/\/tube.ac-lyon.fr\/w\/pkQqQNcxF7NnUXtZV9JvSZ\" target=\"_blank\" rel=\"noopener\">Les OFF de la conf\u00e9rence : entretien avec \u00e0 Bernard Guillot<\/a><\/p>\n<p><a href=\"https:\/\/tube.ac-lyon.fr\/w\/c8YcJR4VPyuxrVKkZiLfas\">Les OFF de la conf\u00e9rence : entretien avec Henri Savall<\/a><\/p>\n<p><a href=\"https:\/\/tube.ac-lyon.fr\/w\/oz8CMk3EHhDYEHs9xAEnqp\" target=\"_blank\" rel=\"noopener\">Les OFF de la conf\u00e9rence : entretien avec Veronique Zardet<\/a><\/p>\n<p><a href=\"https:\/\/tube.ac-lyon.fr\/w\/wC6ecrpaPSbJPbsh7wEfLn\" target=\"_blank\" rel=\"noopener\">Les OFF de la conf\u00e9rence : entretien avec Manuel Garcia<\/a><\/p>\n<p>&nbsp;<\/p>\n<p>&nbsp;<\/p>\n<p>&nbsp;<\/p>\n","protected":false},"excerpt":{"rendered":"<p>Une journ\u00e9e de formation en deux temps &nbsp; Plus de 60 coll\u00e8gues enseignant en BTS Comptabilit\u00e9 gestion, DCG et DSCG se sont r\u00e9unis au lyc\u00e9e Parc Chabri\u00e8res \u00e0 Oullins mardi 24 janvier 2023 dans le cadre du parcours de l\u2019EAFC animation de la fili\u00e8re comptabilit\u00e9 et gestion. Pour l\u2019occasion, 4 conf\u00e9renciers ont \u00e9t\u00e9 associ\u00e9s \u00e0 [&hellip;]<\/p>\n","protected":false},"author":17,"featured_media":19062,"comment_status":"closed","ping_status":"open","sticky":false,"template":"","format":"standard","meta":{"footnotes":""},"categories":[289,58,152],"tags":[393,558,559,573],"class_list":["post-19220","post","type-post","status-publish","format-standard","has-post-thumbnail","hentry","category-actualites-bts-cg","category-formation-continue","category-zooms","tag-accueil_zoom","tag-ecogest","tag-formation","tag-economie-et-gestion"],"_links":{"self":[{"href":"https:\/\/ecogestion-legt.enseigne.ac-lyon.fr\/legt\/wp-json\/wp\/v2\/posts\/19220","targetHints":{"allow":["GET"]}}],"collection":[{"href":"https:\/\/ecogestion-legt.enseigne.ac-lyon.fr\/legt\/wp-json\/wp\/v2\/posts"}],"about":[{"href":"https:\/\/ecogestion-legt.enseigne.ac-lyon.fr\/legt\/wp-json\/wp\/v2\/types\/post"}],"author":[{"embeddable":true,"href":"https:\/\/ecogestion-legt.enseigne.ac-lyon.fr\/legt\/wp-json\/wp\/v2\/users\/17"}],"replies":[{"embeddable":true,"href":"https:\/\/ecogestion-legt.enseigne.ac-lyon.fr\/legt\/wp-json\/wp\/v2\/comments?post=19220"}],"version-history":[{"count":7,"href":"https:\/\/ecogestion-legt.enseigne.ac-lyon.fr\/legt\/wp-json\/wp\/v2\/posts\/19220\/revisions"}],"predecessor-version":[{"id":19285,"href":"https:\/\/ecogestion-legt.enseigne.ac-lyon.fr\/legt\/wp-json\/wp\/v2\/posts\/19220\/revisions\/19285"}],"wp:featuredmedia":[{"embeddable":true,"href":"https:\/\/ecogestion-legt.enseigne.ac-lyon.fr\/legt\/wp-json\/wp\/v2\/media\/19062"}],"wp:attachment":[{"href":"https:\/\/ecogestion-legt.enseigne.ac-lyon.fr\/legt\/wp-json\/wp\/v2\/media?parent=19220"}],"wp:term":[{"taxonomy":"category","embeddable":true,"href":"https:\/\/ecogestion-legt.enseigne.ac-lyon.fr\/legt\/wp-json\/wp\/v2\/categories?post=19220"},{"taxonomy":"post_tag","embeddable":true,"href":"https:\/\/ecogestion-legt.enseigne.ac-lyon.fr\/legt\/wp-json\/wp\/v2\/tags?post=19220"}],"curies":[{"name":"wp","href":"https:\/\/api.w.org\/{rel}","templated":true}]}}