
{"id":19135,"date":"2023-02-19T22:35:31","date_gmt":"2023-02-19T21:35:31","guid":{"rendered":"https:\/\/ecogestion-legt.enseigne.ac-lyon.fr\/legt\/?p=19135&#038;preview=true&#038;preview_id=19135"},"modified":"2023-02-27T18:22:09","modified_gmt":"2023-02-27T17:22:09","slug":"tout-savoir-sur-la-delivrance-simultanee-du-baccalaureat-et-dun-diplome-etranger","status":"publish","type":"post","link":"https:\/\/ecogestion-legt.enseigne.ac-lyon.fr\/legt\/tout-savoir-sur-la-delivrance-simultanee-du-baccalaureat-et-dun-diplome-etranger\/","title":{"rendered":"\u00c9coGest Lyon : Tout savoir sur la\u00a0 d\u00e9livrance simultan\u00e9e du baccalaur\u00e9at et d&rsquo;un dipl\u00f4me \u00e9tranger\u00a0"},"content":{"rendered":"<p>Tout savoir sur la\u00a0 d\u00e9livrance simultan\u00e9e du baccalaur\u00e9at et d&rsquo;un dipl\u00f4me \u00e9tranger<\/p>\n<p style=\"text-align: center;\"><strong>Abibac, Bachibac, Esabac<\/strong><\/p>\n<p><a href=\"https:\/\/www.education.gouv.fr\/reussir-au-lycee\/baccalaureat-brevet-cap-parcoursup-le-calendrier-des-epreuves-2023-341384\" target=\"_blank\" rel=\"noopener\">Baccalaur\u00e9at, brevet, CAP, Parcoursup : le calendrier des \u00e9preuves 2023 | Minist\u00e8re de l&rsquo;Education Nationale et de la Jeunesse<\/a><\/p>\n<p>&nbsp;<\/p>\n<p>&nbsp;<\/p>\n<p>&nbsp;<\/p>\n<p>&nbsp;<\/p>\n<p>&nbsp;<\/p>\n","protected":false},"excerpt":{"rendered":"<p>Tout savoir sur la\u00a0 d\u00e9livrance simultan\u00e9e du baccalaur\u00e9at et d&rsquo;un dipl\u00f4me \u00e9tranger Abibac, Bachibac, Esabac Baccalaur\u00e9at, brevet, CAP, Parcoursup : le calendrier des \u00e9preuves 2023 | Minist\u00e8re de l&rsquo;Education Nationale et de la Jeunesse &nbsp; &nbsp; &nbsp; &nbsp; &nbsp;<\/p>\n","protected":false},"author":17,"featured_media":0,"comment_status":"closed","ping_status":"open","sticky":false,"template":"","format":"standard","meta":{"footnotes":""},"categories":[12],"tags":[700,803,804],"class_list":["post-19135","post","type-post","status-publish","format-standard","hentry","category-flashs","tag-breve","tag-diplomes","tag-diplomes-etrangers"],"_links":{"self":[{"href":"https:\/\/ecogestion-legt.enseigne.ac-lyon.fr\/legt\/wp-json\/wp\/v2\/posts\/19135","targetHints":{"allow":["GET"]}}],"collection":[{"href":"https:\/\/ecogestion-legt.enseigne.ac-lyon.fr\/legt\/wp-json\/wp\/v2\/posts"}],"about":[{"href":"https:\/\/ecogestion-legt.enseigne.ac-lyon.fr\/legt\/wp-json\/wp\/v2\/types\/post"}],"author":[{"embeddable":true,"href":"https:\/\/ecogestion-legt.enseigne.ac-lyon.fr\/legt\/wp-json\/wp\/v2\/users\/17"}],"replies":[{"embeddable":true,"href":"https:\/\/ecogestion-legt.enseigne.ac-lyon.fr\/legt\/wp-json\/wp\/v2\/comments?post=19135"}],"version-history":[{"count":2,"href":"https:\/\/ecogestion-legt.enseigne.ac-lyon.fr\/legt\/wp-json\/wp\/v2\/posts\/19135\/revisions"}],"predecessor-version":[{"id":19303,"href":"https:\/\/ecogestion-legt.enseigne.ac-lyon.fr\/legt\/wp-json\/wp\/v2\/posts\/19135\/revisions\/19303"}],"wp:attachment":[{"href":"https:\/\/ecogestion-legt.enseigne.ac-lyon.fr\/legt\/wp-json\/wp\/v2\/media?parent=19135"}],"wp:term":[{"taxonomy":"category","embeddable":true,"href":"https:\/\/ecogestion-legt.enseigne.ac-lyon.fr\/legt\/wp-json\/wp\/v2\/categories?post=19135"},{"taxonomy":"post_tag","embeddable":true,"href":"https:\/\/ecogestion-legt.enseigne.ac-lyon.fr\/legt\/wp-json\/wp\/v2\/tags?post=19135"}],"curies":[{"name":"wp","href":"https:\/\/api.w.org\/{rel}","templated":true}]}}