
{"id":17561,"date":"2023-01-06T21:51:46","date_gmt":"2023-01-06T20:51:46","guid":{"rendered":"https:\/\/ecogestion-legt.enseigne.ac-lyon.fr\/legt\/?p=17561&#038;preview=true&#038;preview_id=17561"},"modified":"2023-01-06T21:52:09","modified_gmt":"2023-01-06T20:52:09","slug":"a-partir-du-18-janvier-2023-inscription-et-formulation-de-voeux-sur-parcoursup","status":"publish","type":"post","link":"https:\/\/ecogestion-legt.enseigne.ac-lyon.fr\/legt\/a-partir-du-18-janvier-2023-inscription-et-formulation-de-voeux-sur-parcoursup\/","title":{"rendered":"\u00c9coGest Lyon : \u00c0 PARTIR DU 18 JANVIER 2023 : inscription et formulation de v\u0153ux sur Parcoursup"},"content":{"rendered":"<ul>\n<li>Du 18 janvier au 9 mars : pour les \u00e9l\u00e8ves de terminales, inscription sur Parcoursup pour cr\u00e9er leur dossier candidat, formuler leurs v\u0153ux et exprimer leur motivation ; jusqu\u2019\u00e0 10 v\u0153ux (avec possibilit\u00e9 de sous-v\u0153ux selon les formations).\u00a0 Les \u00e9l\u00e8ves peuvent \u00e9galement formuler 10 v\u0153ux suppl\u00e9mentaires pour des formations en apprentissage.<\/li>\n<li>Jeudi 9 mars : dernier jour pour formuler leurs v\u0153ux. Des tutoriels vid\u00e9os sont propos\u00e9s sur Parcoursup.fr pour les guider \u00e0 chaque \u00e9tape.<\/li>\n<li>Jeudi 6 avril : dernier jour pour compl\u00e9ter leur dossier avec les \u00e9l\u00e9ments demand\u00e9s par les formations et pour confirmer chacun de leurs v\u0153ux.<\/li>\n<\/ul>\n<p style=\"text-align: center;\"><a href=\"https:\/\/www.parcoursup.fr\/index.php?desc=calendrier\" target=\"_blank\" rel=\"noopener noreferrer\">Acc\u00e9dez au calendrier Parcoursup 2023<\/a><\/p>\n<p>&nbsp;<\/p>\n<p>&nbsp;<\/p>\n<p>&nbsp;<\/p>\n<p>&nbsp;<\/p>\n","protected":false},"excerpt":{"rendered":"<p>Du 18 janvier au 9 mars : pour les \u00e9l\u00e8ves de terminales, inscription sur Parcoursup pour cr\u00e9er leur dossier candidat, formuler leurs v\u0153ux et exprimer leur motivation ; jusqu\u2019\u00e0 10 v\u0153ux (avec possibilit\u00e9 de sous-v\u0153ux selon les formations).\u00a0 Les \u00e9l\u00e8ves peuvent \u00e9galement formuler 10 v\u0153ux suppl\u00e9mentaires pour des formations en apprentissage. Jeudi 9 mars : [&hellip;]<\/p>\n","protected":false},"author":17,"featured_media":0,"comment_status":"closed","ping_status":"open","sticky":false,"template":"","format":"standard","meta":{"footnotes":""},"categories":[12],"tags":[693,700],"class_list":["post-17561","post","type-post","status-publish","format-standard","hentry","category-flashs","tag-parcoursup","tag-breve"],"_links":{"self":[{"href":"https:\/\/ecogestion-legt.enseigne.ac-lyon.fr\/legt\/wp-json\/wp\/v2\/posts\/17561","targetHints":{"allow":["GET"]}}],"collection":[{"href":"https:\/\/ecogestion-legt.enseigne.ac-lyon.fr\/legt\/wp-json\/wp\/v2\/posts"}],"about":[{"href":"https:\/\/ecogestion-legt.enseigne.ac-lyon.fr\/legt\/wp-json\/wp\/v2\/types\/post"}],"author":[{"embeddable":true,"href":"https:\/\/ecogestion-legt.enseigne.ac-lyon.fr\/legt\/wp-json\/wp\/v2\/users\/17"}],"replies":[{"embeddable":true,"href":"https:\/\/ecogestion-legt.enseigne.ac-lyon.fr\/legt\/wp-json\/wp\/v2\/comments?post=17561"}],"version-history":[{"count":2,"href":"https:\/\/ecogestion-legt.enseigne.ac-lyon.fr\/legt\/wp-json\/wp\/v2\/posts\/17561\/revisions"}],"predecessor-version":[{"id":17563,"href":"https:\/\/ecogestion-legt.enseigne.ac-lyon.fr\/legt\/wp-json\/wp\/v2\/posts\/17561\/revisions\/17563"}],"wp:attachment":[{"href":"https:\/\/ecogestion-legt.enseigne.ac-lyon.fr\/legt\/wp-json\/wp\/v2\/media?parent=17561"}],"wp:term":[{"taxonomy":"category","embeddable":true,"href":"https:\/\/ecogestion-legt.enseigne.ac-lyon.fr\/legt\/wp-json\/wp\/v2\/categories?post=17561"},{"taxonomy":"post_tag","embeddable":true,"href":"https:\/\/ecogestion-legt.enseigne.ac-lyon.fr\/legt\/wp-json\/wp\/v2\/tags?post=17561"}],"curies":[{"name":"wp","href":"https:\/\/api.w.org\/{rel}","templated":true}]}}