
{"id":17485,"date":"2022-12-09T18:24:03","date_gmt":"2022-12-09T17:24:03","guid":{"rendered":"https:\/\/ecogestion-legt.enseigne.ac-lyon.fr\/legt\/?p=17485&#038;preview=true&#038;preview_id=17485"},"modified":"2022-12-12T15:11:19","modified_gmt":"2022-12-12T14:11:19","slug":"des-ressources-pour-la-sensibilisation-des-eleves-et-des-personnels-deducation-a-la-securite-numerique","status":"publish","type":"post","link":"https:\/\/ecogestion-legt.enseigne.ac-lyon.fr\/legt\/des-ressources-pour-la-sensibilisation-des-eleves-et-des-personnels-deducation-a-la-securite-numerique\/","title":{"rendered":"\u00c9coGest Lyon : Sensibilisation \u00e0 la s\u00e9curit\u00e9 num\u00e9rique"},"content":{"rendered":"<p>Des ressources pour la sensibilisation des \u00e9l\u00e8ves et des personnels d&rsquo;\u00e9ducation \u00e0 la s\u00e9curit\u00e9 num\u00e9rique<\/p>\n<p><a href=\"https:\/\/eduscol.education.fr\/3679\/education-et-cybersecurite\" target=\"_blank\" rel=\"noopener noreferrer\">L&rsquo; \u00c9ducation et la\u00a0 cybers\u00e9curit\u00e9<\/a> est propos\u00e9 par \u00e9duscol<\/p>\n<p>&nbsp;<\/p>\n<p>&nbsp;<\/p>\n<p>&nbsp;<\/p>\n<p>&nbsp;<\/p>\n<p>&nbsp;<\/p>\n","protected":false},"excerpt":{"rendered":"<p>Des ressources pour la sensibilisation des \u00e9l\u00e8ves et des personnels d&rsquo;\u00e9ducation \u00e0 la s\u00e9curit\u00e9 num\u00e9rique L&rsquo; \u00c9ducation et la\u00a0 cybers\u00e9curit\u00e9 est propos\u00e9 par \u00e9duscol &nbsp; &nbsp; &nbsp; &nbsp; &nbsp;<\/p>\n","protected":false},"author":17,"featured_media":0,"comment_status":"closed","ping_status":"open","sticky":false,"template":"","format":"standard","meta":{"footnotes":""},"categories":[12],"tags":[592,700,781],"class_list":["post-17485","post","type-post","status-publish","format-standard","hentry","category-flashs","tag-eduscol","tag-breve","tag-cybersecurite"],"_links":{"self":[{"href":"https:\/\/ecogestion-legt.enseigne.ac-lyon.fr\/legt\/wp-json\/wp\/v2\/posts\/17485","targetHints":{"allow":["GET"]}}],"collection":[{"href":"https:\/\/ecogestion-legt.enseigne.ac-lyon.fr\/legt\/wp-json\/wp\/v2\/posts"}],"about":[{"href":"https:\/\/ecogestion-legt.enseigne.ac-lyon.fr\/legt\/wp-json\/wp\/v2\/types\/post"}],"author":[{"embeddable":true,"href":"https:\/\/ecogestion-legt.enseigne.ac-lyon.fr\/legt\/wp-json\/wp\/v2\/users\/17"}],"replies":[{"embeddable":true,"href":"https:\/\/ecogestion-legt.enseigne.ac-lyon.fr\/legt\/wp-json\/wp\/v2\/comments?post=17485"}],"version-history":[{"count":5,"href":"https:\/\/ecogestion-legt.enseigne.ac-lyon.fr\/legt\/wp-json\/wp\/v2\/posts\/17485\/revisions"}],"predecessor-version":[{"id":17504,"href":"https:\/\/ecogestion-legt.enseigne.ac-lyon.fr\/legt\/wp-json\/wp\/v2\/posts\/17485\/revisions\/17504"}],"wp:attachment":[{"href":"https:\/\/ecogestion-legt.enseigne.ac-lyon.fr\/legt\/wp-json\/wp\/v2\/media?parent=17485"}],"wp:term":[{"taxonomy":"category","embeddable":true,"href":"https:\/\/ecogestion-legt.enseigne.ac-lyon.fr\/legt\/wp-json\/wp\/v2\/categories?post=17485"},{"taxonomy":"post_tag","embeddable":true,"href":"https:\/\/ecogestion-legt.enseigne.ac-lyon.fr\/legt\/wp-json\/wp\/v2\/tags?post=17485"}],"curies":[{"name":"wp","href":"https:\/\/api.w.org\/{rel}","templated":true}]}}