
{"id":17466,"date":"2022-12-09T12:09:28","date_gmt":"2022-12-09T11:09:28","guid":{"rendered":"https:\/\/ecogestion-legt.enseigne.ac-lyon.fr\/legt\/?p=17466&#038;preview=true&#038;preview_id=17466"},"modified":"2022-12-05T12:25:37","modified_gmt":"2022-12-05T11:25:37","slug":"rencontres-professionnelles-cohesion-de-groupe-bts-comptabilite-gestion","status":"publish","type":"post","link":"https:\/\/ecogestion-legt.enseigne.ac-lyon.fr\/legt\/rencontres-professionnelles-cohesion-de-groupe-bts-comptabilite-gestion\/","title":{"rendered":"\u00c9coGest Lyon : RENCONTRES PROFESSIONNELLES &#038; COH\u00c9SION DE GROUPE BTS CG"},"content":{"rendered":"<h2>Matin\u00e9e de dynamisation\u00a0 en BTS Comptabilit\u00e9 Gestion au lyc\u00e9e Carriat<\/h2>\n<p>&nbsp;<\/p>\n<p>Les \u00e9tudiants de <strong>premi\u00e8re ann\u00e9e de BTS Comptabilit\u00e9 Gestion<\/strong> ont particip\u00e9 \u00e0 une matin\u00e9e de dynamisation avec la re<strong>ncontre de professionnels<\/strong> et par des <strong>ateliers de coh\u00e9sion de groupe<\/strong>.<\/p>\n<p>Le <strong>principe<\/strong> est de r\u00e9unir autour d\u2019une table deux <strong>professionnels<\/strong> et cinq <strong>\u00e9tudiants<\/strong> qui <strong>\u00e9changent<\/strong> sur les m\u00e9tiers, les <strong>pratiques professionnelles<\/strong> et le <strong>recrutement<\/strong> pour ce secteur en p\u00e9nurie de <strong>main d\u2019\u0153uvre qualifi\u00e9e<\/strong>.\u00a0<\/p>\n<p>&nbsp;<\/p>\n<p>Pour en savoir plus[gview file=\u00a0\u00bbhttps:\/\/ecogestion-legt.enseigne.ac-lyon.fr\/legt\/wp-content\/uploads\/2022\/12\/Rencontre-professionnelles-Lyc\u00e9e-Carriat-Hebdo.pdf\u00a0\u00bb]<\/p>\n","protected":false},"excerpt":{"rendered":"<p>Matin\u00e9e de dynamisation\u00a0 en BTS Comptabilit\u00e9 Gestion au lyc\u00e9e Carriat &nbsp; Les \u00e9tudiants de premi\u00e8re ann\u00e9e de BTS Comptabilit\u00e9 Gestion ont particip\u00e9 \u00e0 une matin\u00e9e de dynamisation avec la rencontre de professionnels et par des ateliers de coh\u00e9sion de groupe. Le principe est de r\u00e9unir autour d\u2019une table deux professionnels et cinq \u00e9tudiants qui \u00e9changent [&hellip;]<\/p>\n","protected":false},"author":17,"featured_media":17468,"comment_status":"closed","ping_status":"open","sticky":false,"template":"","format":"standard","meta":{"footnotes":""},"categories":[289,152],"tags":[713,725,393,573,673],"class_list":["post-17466","post","type-post","status-publish","format-standard","has-post-thumbnail","hentry","category-actualites-bts-cg","category-zooms","tag-evenement","tag-bts_cg","tag-accueil_zoom","tag-economie-et-gestion","tag-bts-cg"],"_links":{"self":[{"href":"https:\/\/ecogestion-legt.enseigne.ac-lyon.fr\/legt\/wp-json\/wp\/v2\/posts\/17466","targetHints":{"allow":["GET"]}}],"collection":[{"href":"https:\/\/ecogestion-legt.enseigne.ac-lyon.fr\/legt\/wp-json\/wp\/v2\/posts"}],"about":[{"href":"https:\/\/ecogestion-legt.enseigne.ac-lyon.fr\/legt\/wp-json\/wp\/v2\/types\/post"}],"author":[{"embeddable":true,"href":"https:\/\/ecogestion-legt.enseigne.ac-lyon.fr\/legt\/wp-json\/wp\/v2\/users\/17"}],"replies":[{"embeddable":true,"href":"https:\/\/ecogestion-legt.enseigne.ac-lyon.fr\/legt\/wp-json\/wp\/v2\/comments?post=17466"}],"version-history":[{"count":3,"href":"https:\/\/ecogestion-legt.enseigne.ac-lyon.fr\/legt\/wp-json\/wp\/v2\/posts\/17466\/revisions"}],"predecessor-version":[{"id":17470,"href":"https:\/\/ecogestion-legt.enseigne.ac-lyon.fr\/legt\/wp-json\/wp\/v2\/posts\/17466\/revisions\/17470"}],"wp:featuredmedia":[{"embeddable":true,"href":"https:\/\/ecogestion-legt.enseigne.ac-lyon.fr\/legt\/wp-json\/wp\/v2\/media\/17468"}],"wp:attachment":[{"href":"https:\/\/ecogestion-legt.enseigne.ac-lyon.fr\/legt\/wp-json\/wp\/v2\/media?parent=17466"}],"wp:term":[{"taxonomy":"category","embeddable":true,"href":"https:\/\/ecogestion-legt.enseigne.ac-lyon.fr\/legt\/wp-json\/wp\/v2\/categories?post=17466"},{"taxonomy":"post_tag","embeddable":true,"href":"https:\/\/ecogestion-legt.enseigne.ac-lyon.fr\/legt\/wp-json\/wp\/v2\/tags?post=17466"}],"curies":[{"name":"wp","href":"https:\/\/api.w.org\/{rel}","templated":true}]}}