
{"id":17457,"date":"2023-01-02T13:06:53","date_gmt":"2023-01-02T12:06:53","guid":{"rendered":"https:\/\/ecogestion-legt.enseigne.ac-lyon.fr\/legt\/?p=17457"},"modified":"2023-01-02T19:40:04","modified_gmt":"2023-01-02T18:40:04","slug":"salon-de-letudiant-2023","status":"publish","type":"post","link":"https:\/\/ecogestion-legt.enseigne.ac-lyon.fr\/legt\/salon-de-letudiant-2023\/","title":{"rendered":"\u00c9coGest Lyon : SALON DE L\u2019\u00c9TUDIANT 2023"},"content":{"rendered":"<h2>Comment participer au Salon de l&rsquo;\u00c9tudiant ?<\/h2>\n<p>L\u2019\u00e9dition 2023 du salon de l\u2019\u00e9tudiant se tiendra \u00e0 <strong>Eurexpo du vendredi 6 au dimanche 8 janvier<\/strong> prochains. Comme chaque ann\u00e9e, ce salon est propice aux rencontres entre vous, \u00e9quipes p\u00e9dagogiques des lyc\u00e9es publiques, et les jeunes qui s\u2019interrogent au sujet de leur orientation.<\/p>\n<p>Votre pr\u00e9sence sur le stand du rectorat de l\u2019acad\u00e9mie de Lyon sur ces 3 journ\u00e9es est incontournable pour que nos formations de BTS soient visibles et attractives aupr\u00e8s de nos futurs \u00e9tudiants. Pour rappel, le d\u00e9placement au salon de l\u2019\u00e9tudiant doit faire l\u2019objet d\u2019un ordre de mission r\u00e9dig\u00e9 par le chef d\u2019\u00e9tablissement pour que les risques soient couverts.<\/p>\n<p>Aussi, nous vous remercions sinc\u00e8rement de votre participation en compl\u00e9tant le tableau en ligne au lien suivant :\u00a0<\/p>\n<p style=\"text-align: center;\"><strong><a href=\"https:\/\/1drv.ms\/x\/s!AttVgo1dh1Sihn-7ExdBw-hk4z18?e=NHgkba\" target=\"_blank\" rel=\"noopener noreferrer\">https:\/\/1drv.ms\/x\/s!AttVgo1dh1Sihn-7ExdBw-hk4z18?e=NHgkba<\/a><\/strong><\/p>\n","protected":false},"excerpt":{"rendered":"<p>Comment participer au Salon de l&rsquo;\u00c9tudiant ? L\u2019\u00e9dition 2023 du salon de l\u2019\u00e9tudiant se tiendra \u00e0 Eurexpo du vendredi 6 au dimanche 8 janvier prochains. Comme chaque ann\u00e9e, ce salon est propice aux rencontres entre vous, \u00e9quipes p\u00e9dagogiques des lyc\u00e9es publiques, et les jeunes qui s\u2019interrogent au sujet de leur orientation. Votre pr\u00e9sence sur le [&hellip;]<\/p>\n","protected":false},"author":17,"featured_media":10043,"comment_status":"closed","ping_status":"open","sticky":false,"template":"","format":"standard","meta":{"footnotes":""},"categories":[200],"tags":[780],"class_list":["post-17457","post","type-post","status-publish","format-standard","has-post-thumbnail","hentry","category-evenements-jeco","tag-salon-de-letudiant"],"_links":{"self":[{"href":"https:\/\/ecogestion-legt.enseigne.ac-lyon.fr\/legt\/wp-json\/wp\/v2\/posts\/17457","targetHints":{"allow":["GET"]}}],"collection":[{"href":"https:\/\/ecogestion-legt.enseigne.ac-lyon.fr\/legt\/wp-json\/wp\/v2\/posts"}],"about":[{"href":"https:\/\/ecogestion-legt.enseigne.ac-lyon.fr\/legt\/wp-json\/wp\/v2\/types\/post"}],"author":[{"embeddable":true,"href":"https:\/\/ecogestion-legt.enseigne.ac-lyon.fr\/legt\/wp-json\/wp\/v2\/users\/17"}],"replies":[{"embeddable":true,"href":"https:\/\/ecogestion-legt.enseigne.ac-lyon.fr\/legt\/wp-json\/wp\/v2\/comments?post=17457"}],"version-history":[{"count":3,"href":"https:\/\/ecogestion-legt.enseigne.ac-lyon.fr\/legt\/wp-json\/wp\/v2\/posts\/17457\/revisions"}],"predecessor-version":[{"id":17460,"href":"https:\/\/ecogestion-legt.enseigne.ac-lyon.fr\/legt\/wp-json\/wp\/v2\/posts\/17457\/revisions\/17460"}],"wp:featuredmedia":[{"embeddable":true,"href":"https:\/\/ecogestion-legt.enseigne.ac-lyon.fr\/legt\/wp-json\/wp\/v2\/media\/10043"}],"wp:attachment":[{"href":"https:\/\/ecogestion-legt.enseigne.ac-lyon.fr\/legt\/wp-json\/wp\/v2\/media?parent=17457"}],"wp:term":[{"taxonomy":"category","embeddable":true,"href":"https:\/\/ecogestion-legt.enseigne.ac-lyon.fr\/legt\/wp-json\/wp\/v2\/categories?post=17457"},{"taxonomy":"post_tag","embeddable":true,"href":"https:\/\/ecogestion-legt.enseigne.ac-lyon.fr\/legt\/wp-json\/wp\/v2\/tags?post=17457"}],"curies":[{"name":"wp","href":"https:\/\/api.w.org\/{rel}","templated":true}]}}