
{"id":17327,"date":"2022-11-20T22:44:37","date_gmt":"2022-11-20T21:44:37","guid":{"rendered":"https:\/\/ecogestion-legt.enseigne.ac-lyon.fr\/legt\/?p=17327&#038;preview=true&#038;preview_id=17327"},"modified":"2022-11-20T22:44:37","modified_gmt":"2022-11-20T21:44:37","slug":"le-pass-culture-un-dispositif-collectif-pour-les-classes-et-individuel-pour-les-eleves","status":"publish","type":"post","link":"https:\/\/ecogestion-legt.enseigne.ac-lyon.fr\/legt\/le-pass-culture-un-dispositif-collectif-pour-les-classes-et-individuel-pour-les-eleves\/","title":{"rendered":"\u00c9coGest Lyon : Le pass Culture : un dispositif collectif pour les classes et individuel pour les \u00e9l\u00e8ves"},"content":{"rendered":"<p><a href=\"https:\/\/eduscol.education.fr\/3013\/le-pass-culture-un-dispositif-collectif-pour-les-classes-et-individuel-pour-les-eleves\" target=\"_blank\" rel=\"noopener noreferrer\">Le pass Culture : un dispositif collectif pour les classes et individuel pour les \u00e9l\u00e8ves | \u00e9duscol | Minist\u00e8re de l&rsquo;\u00c9ducation nationale et de la Jeunesse &#8211; Direction g\u00e9n\u00e9rale de l&rsquo;enseignement scolaire (education.fr)<\/a><\/p>\n<p>&nbsp;<\/p>\n<p>&nbsp;<\/p>\n<p>&nbsp;<\/p>\n<p>&nbsp;<\/p>\n","protected":false},"excerpt":{"rendered":"<p>Le pass Culture : un dispositif collectif pour les classes et individuel pour les \u00e9l\u00e8ves | \u00e9duscol | Minist\u00e8re de l&rsquo;\u00c9ducation nationale et de la Jeunesse &#8211; Direction g\u00e9n\u00e9rale de l&rsquo;enseignement scolaire (education.fr) &nbsp; &nbsp; &nbsp; &nbsp;<\/p>\n","protected":false},"author":17,"featured_media":0,"comment_status":"closed","ping_status":"open","sticky":false,"template":"","format":"standard","meta":{"footnotes":""},"categories":[12],"tags":[558,562,573,774],"class_list":["post-17327","post","type-post","status-publish","format-standard","hentry","category-flashs","tag-ecogest","tag-ecogestion","tag-economie-et-gestion","tag-pass-culture"],"_links":{"self":[{"href":"https:\/\/ecogestion-legt.enseigne.ac-lyon.fr\/legt\/wp-json\/wp\/v2\/posts\/17327","targetHints":{"allow":["GET"]}}],"collection":[{"href":"https:\/\/ecogestion-legt.enseigne.ac-lyon.fr\/legt\/wp-json\/wp\/v2\/posts"}],"about":[{"href":"https:\/\/ecogestion-legt.enseigne.ac-lyon.fr\/legt\/wp-json\/wp\/v2\/types\/post"}],"author":[{"embeddable":true,"href":"https:\/\/ecogestion-legt.enseigne.ac-lyon.fr\/legt\/wp-json\/wp\/v2\/users\/17"}],"replies":[{"embeddable":true,"href":"https:\/\/ecogestion-legt.enseigne.ac-lyon.fr\/legt\/wp-json\/wp\/v2\/comments?post=17327"}],"version-history":[{"count":1,"href":"https:\/\/ecogestion-legt.enseigne.ac-lyon.fr\/legt\/wp-json\/wp\/v2\/posts\/17327\/revisions"}],"predecessor-version":[{"id":17328,"href":"https:\/\/ecogestion-legt.enseigne.ac-lyon.fr\/legt\/wp-json\/wp\/v2\/posts\/17327\/revisions\/17328"}],"wp:attachment":[{"href":"https:\/\/ecogestion-legt.enseigne.ac-lyon.fr\/legt\/wp-json\/wp\/v2\/media?parent=17327"}],"wp:term":[{"taxonomy":"category","embeddable":true,"href":"https:\/\/ecogestion-legt.enseigne.ac-lyon.fr\/legt\/wp-json\/wp\/v2\/categories?post=17327"},{"taxonomy":"post_tag","embeddable":true,"href":"https:\/\/ecogestion-legt.enseigne.ac-lyon.fr\/legt\/wp-json\/wp\/v2\/tags?post=17327"}],"curies":[{"name":"wp","href":"https:\/\/api.w.org\/{rel}","templated":true}]}}