
{"id":17048,"date":"2022-10-16T16:53:09","date_gmt":"2022-10-16T14:53:09","guid":{"rendered":"https:\/\/ecogestion-legt.enseigne.ac-lyon.fr\/legt\/?p=17048"},"modified":"2022-10-16T16:55:29","modified_gmt":"2022-10-16T14:55:29","slug":"poste-vacant-en-dcg","status":"publish","type":"post","link":"https:\/\/ecogestion-legt.enseigne.ac-lyon.fr\/legt\/poste-vacant-en-dcg\/","title":{"rendered":"\u00c9coGest Lyon : Poste vacant en DCG"},"content":{"rendered":"<p>Un poste en DCG (droit fiscal et management) au lyc\u00e9e Dick Ukeiw\u00eb de Noum\u00e9a, paru au BO n\u00b038 du 13 octobre 2022. Les dossiers de candidature rev\u00eatus de l&rsquo;avis du chef d&rsquo;\u00e9tablissement et accompagn\u00e9s des pi\u00e8ces justificatives, devront \u00eatre transmis en un seul pdf au plus tard le 28 octobre 2022 \u00e0 l&rsquo;adresse suivante :<\/p>\n<p>ce.dp@ac-noumea.nc, en pr\u00e9cisant en objet : Mouvement Sp\u00e9cifique RS 2023 &#8211; Nom Pr\u00e9nom &#8211; Discipline<br \/><a href=\"https:\/\/www.education.gouv.fr\/pid285\/bulletin_officiel.html?pid_bo=40840\" target=\"_blank\" rel=\"noopener noreferrer\">https:\/\/www.education.gouv.fr\/pid285\/bulletin_officiel.html?pid_bo=40840<\/a><\/p>\n","protected":false},"excerpt":{"rendered":"<p>Un poste en DCG (droit fiscal et management) au lyc\u00e9e Dick Ukeiw\u00eb de Noum\u00e9a, paru au BO n\u00b038 du 13 octobre 2022. Les dossiers de candidature rev\u00eatus de l&rsquo;avis du chef d&rsquo;\u00e9tablissement et accompagn\u00e9s des pi\u00e8ces justificatives, devront \u00eatre transmis en un seul pdf au plus tard le 28 octobre 2022 \u00e0 l&rsquo;adresse suivante : [&hellip;]<\/p>\n","protected":false},"author":17,"featured_media":0,"comment_status":"closed","ping_status":"open","sticky":false,"template":"","format":"standard","meta":{"footnotes":""},"categories":[12],"tags":[700,701,754],"class_list":["post-17048","post","type-post","status-publish","format-standard","hentry","category-flashs","tag-breve","tag-flash","tag-metier"],"_links":{"self":[{"href":"https:\/\/ecogestion-legt.enseigne.ac-lyon.fr\/legt\/wp-json\/wp\/v2\/posts\/17048","targetHints":{"allow":["GET"]}}],"collection":[{"href":"https:\/\/ecogestion-legt.enseigne.ac-lyon.fr\/legt\/wp-json\/wp\/v2\/posts"}],"about":[{"href":"https:\/\/ecogestion-legt.enseigne.ac-lyon.fr\/legt\/wp-json\/wp\/v2\/types\/post"}],"author":[{"embeddable":true,"href":"https:\/\/ecogestion-legt.enseigne.ac-lyon.fr\/legt\/wp-json\/wp\/v2\/users\/17"}],"replies":[{"embeddable":true,"href":"https:\/\/ecogestion-legt.enseigne.ac-lyon.fr\/legt\/wp-json\/wp\/v2\/comments?post=17048"}],"version-history":[{"count":1,"href":"https:\/\/ecogestion-legt.enseigne.ac-lyon.fr\/legt\/wp-json\/wp\/v2\/posts\/17048\/revisions"}],"predecessor-version":[{"id":17049,"href":"https:\/\/ecogestion-legt.enseigne.ac-lyon.fr\/legt\/wp-json\/wp\/v2\/posts\/17048\/revisions\/17049"}],"wp:attachment":[{"href":"https:\/\/ecogestion-legt.enseigne.ac-lyon.fr\/legt\/wp-json\/wp\/v2\/media?parent=17048"}],"wp:term":[{"taxonomy":"category","embeddable":true,"href":"https:\/\/ecogestion-legt.enseigne.ac-lyon.fr\/legt\/wp-json\/wp\/v2\/categories?post=17048"},{"taxonomy":"post_tag","embeddable":true,"href":"https:\/\/ecogestion-legt.enseigne.ac-lyon.fr\/legt\/wp-json\/wp\/v2\/tags?post=17048"}],"curies":[{"name":"wp","href":"https:\/\/api.w.org\/{rel}","templated":true}]}}