
{"id":17023,"date":"2022-10-08T16:46:55","date_gmt":"2022-10-08T14:46:55","guid":{"rendered":"https:\/\/ecogestion-legt.enseigne.ac-lyon.fr\/legt\/?p=17023&#038;preview=true&#038;preview_id=17023"},"modified":"2022-10-08T17:09:04","modified_gmt":"2022-10-08T15:09:04","slug":"lire-le-bulletin-dinformations-rectorales-bir-du-3-octobre-2022","status":"publish","type":"post","link":"https:\/\/ecogestion-legt.enseigne.ac-lyon.fr\/legt\/lire-le-bulletin-dinformations-rectorales-bir-du-3-octobre-2022\/","title":{"rendered":"\u00c9coGest Lyon : Lire le Bulletin d\u2019Informations Rectorales (BIR) du 3 octobre 2022"},"content":{"rendered":"<p>&nbsp;<\/p>\n<p>Au sommaire du BIR N\u00b05<\/p>\n<p>DIRECTION DES EXAMENS ET CONCOURS &#8230;&#8230;&#8230;&#8230;&#8230;&#8230;&#8230;&#8230;&#8230;&#8230;&#8230;&#8230;&#8230;&#8230;&#8230;&#8230;&#8230;&#8230;&#8230;&#8230;&#8230;&#8230;&#8230;&#8230;&#8230;&#8230;&#8230;&#8230;&#8230;&#8230;&#8230;&#8230;&#8230;&#8230;&#8230;&#8230;&#8230;&#8230;&#8230; 2<br \/>CERTIFICATION COMPL\u00c9MENTAIRE D\u00c9LIVR\u00c9E DANS LE SECTEUR ARTS OPTION ARTS DU CIRQUE \u00c0 DES<br \/>PERSONNELS ENSEIGNANTS DES PREMIER ET SECOND DEGR\u00c9S \u2013 SESSION 2023 &#8230;&#8230;&#8230;&#8230;&#8230;&#8230;&#8230;&#8230;&#8230;&#8230;&#8230;&#8230;&#8230;&#8230;&#8230;&#8230;&#8230;&#8230;&#8230;&#8230;&#8230;&#8230;.. 2<br \/>\u00c9COLE ACAD\u00c9MIQUE DE LA FORMATION CONTINUE &#8230;&#8230;&#8230;&#8230;&#8230;&#8230;&#8230;&#8230;&#8230;&#8230;&#8230;&#8230;&#8230;&#8230;&#8230;&#8230;&#8230;&#8230;&#8230;&#8230;&#8230;&#8230;&#8230;&#8230;&#8230;&#8230;&#8230;&#8230;&#8230;&#8230;&#8230;.. 4<br \/>COMPTE PERSONNEL DE FORMATION (CPF) 2022-2023 \u2013 CAMPAGNE N\u00b01 &#8230;&#8230;&#8230;&#8230;&#8230;&#8230;&#8230;&#8230;&#8230;&#8230;&#8230;&#8230;&#8230;&#8230;&#8230;&#8230;&#8230;&#8230;&#8230;&#8230;&#8230;&#8230;&#8230;&#8230;&#8230;&#8230;&#8230;.. 4<br \/>RECRUTEMENT D\u2019ACCOMPAGNATEURS DE PROJET POUR L&rsquo;ANN\u00c9E SCOLAIRE 2022-2023 &#8230;&#8230;&#8230;&#8230;&#8230;&#8230;&#8230;&#8230;&#8230;&#8230;&#8230;&#8230;&#8230;&#8230;&#8230;&#8230;&#8230;. 5<br \/>D\u00c9L\u00c9GATION ACAD\u00c9MIQUE AUX ARTS ET A LA CULTURE &#8230;&#8230;&#8230;&#8230;&#8230;&#8230;&#8230;&#8230;&#8230;&#8230;&#8230;&#8230;&#8230;&#8230;&#8230;&#8230;&#8230;&#8230;&#8230;&#8230;&#8230;&#8230;&#8230;&#8230;&#8230;&#8230;&#8230;&#8230;. 6<br \/>POSTE PROFESSEUR RELAIS DANSE ET ARTS DU MOUVEMENT POUR LE D\u00c9PARTEMENT DE LA LOIRE &#8230;&#8230;&#8230;&#8230;&#8230;&#8230;&#8230;&#8230;.. 6<\/p>\n<p>En savoir plus : <a href=\"https:\/\/www.ac-lyon.fr\/media\/30781\/download\" target=\"_blank\" rel=\"noopener noreferrer\">BIR n\u00b005 &#8211; 2022\/2023<\/a><\/p>\n<p>&nbsp;<\/p>\n","protected":false},"excerpt":{"rendered":"<p>&nbsp; Au sommaire du BIR N\u00b05 DIRECTION DES EXAMENS ET CONCOURS &#8230;&#8230;&#8230;&#8230;&#8230;&#8230;&#8230;&#8230;&#8230;&#8230;&#8230;&#8230;&#8230;&#8230;&#8230;&#8230;&#8230;&#8230;&#8230;&#8230;&#8230;&#8230;&#8230;&#8230;&#8230;&#8230;&#8230;&#8230;&#8230;&#8230;&#8230;&#8230;&#8230;&#8230;&#8230;&#8230;&#8230;&#8230;&#8230; 2CERTIFICATION COMPL\u00c9MENTAIRE D\u00c9LIVR\u00c9E DANS LE SECTEUR ARTS OPTION ARTS DU CIRQUE \u00c0 DESPERSONNELS ENSEIGNANTS DES PREMIER ET SECOND DEGR\u00c9S \u2013 SESSION 2023 &#8230;&#8230;&#8230;&#8230;&#8230;&#8230;&#8230;&#8230;&#8230;&#8230;&#8230;&#8230;&#8230;&#8230;&#8230;&#8230;&#8230;&#8230;&#8230;&#8230;&#8230;&#8230;.. 2\u00c9COLE ACAD\u00c9MIQUE DE LA FORMATION CONTINUE &#8230;&#8230;&#8230;&#8230;&#8230;&#8230;&#8230;&#8230;&#8230;&#8230;&#8230;&#8230;&#8230;&#8230;&#8230;&#8230;&#8230;&#8230;&#8230;&#8230;&#8230;&#8230;&#8230;&#8230;&#8230;&#8230;&#8230;&#8230;&#8230;&#8230;&#8230;.. 4COMPTE PERSONNEL DE FORMATION (CPF) 2022-2023 \u2013 CAMPAGNE N\u00b01 &#8230;&#8230;&#8230;&#8230;&#8230;&#8230;&#8230;&#8230;&#8230;&#8230;&#8230;&#8230;&#8230;&#8230;&#8230;&#8230;&#8230;&#8230;&#8230;&#8230;&#8230;&#8230;&#8230;&#8230;&#8230;&#8230;&#8230;.. 4RECRUTEMENT D\u2019ACCOMPAGNATEURS DE [&hellip;]<\/p>\n","protected":false},"author":17,"featured_media":0,"comment_status":"closed","ping_status":"open","sticky":false,"template":"","format":"standard","meta":{"footnotes":""},"categories":[12],"tags":[559,701,754,765],"class_list":["post-17023","post","type-post","status-publish","format-standard","hentry","category-flashs","tag-formation","tag-flash","tag-metier","tag-bir"],"_links":{"self":[{"href":"https:\/\/ecogestion-legt.enseigne.ac-lyon.fr\/legt\/wp-json\/wp\/v2\/posts\/17023","targetHints":{"allow":["GET"]}}],"collection":[{"href":"https:\/\/ecogestion-legt.enseigne.ac-lyon.fr\/legt\/wp-json\/wp\/v2\/posts"}],"about":[{"href":"https:\/\/ecogestion-legt.enseigne.ac-lyon.fr\/legt\/wp-json\/wp\/v2\/types\/post"}],"author":[{"embeddable":true,"href":"https:\/\/ecogestion-legt.enseigne.ac-lyon.fr\/legt\/wp-json\/wp\/v2\/users\/17"}],"replies":[{"embeddable":true,"href":"https:\/\/ecogestion-legt.enseigne.ac-lyon.fr\/legt\/wp-json\/wp\/v2\/comments?post=17023"}],"version-history":[{"count":2,"href":"https:\/\/ecogestion-legt.enseigne.ac-lyon.fr\/legt\/wp-json\/wp\/v2\/posts\/17023\/revisions"}],"predecessor-version":[{"id":17025,"href":"https:\/\/ecogestion-legt.enseigne.ac-lyon.fr\/legt\/wp-json\/wp\/v2\/posts\/17023\/revisions\/17025"}],"wp:attachment":[{"href":"https:\/\/ecogestion-legt.enseigne.ac-lyon.fr\/legt\/wp-json\/wp\/v2\/media?parent=17023"}],"wp:term":[{"taxonomy":"category","embeddable":true,"href":"https:\/\/ecogestion-legt.enseigne.ac-lyon.fr\/legt\/wp-json\/wp\/v2\/categories?post=17023"},{"taxonomy":"post_tag","embeddable":true,"href":"https:\/\/ecogestion-legt.enseigne.ac-lyon.fr\/legt\/wp-json\/wp\/v2\/tags?post=17023"}],"curies":[{"name":"wp","href":"https:\/\/api.w.org\/{rel}","templated":true}]}}