
{"id":16977,"date":"2022-09-25T22:11:44","date_gmt":"2022-09-25T20:11:44","guid":{"rendered":"https:\/\/ecogestion-legt.enseigne.ac-lyon.fr\/legt\/?p=16977&#038;preview=true&#038;preview_id=16977"},"modified":"2022-09-25T22:49:00","modified_gmt":"2022-09-25T20:49:00","slug":"reseau-canope-premiers-pas-dans-le-metier-denseignant","status":"publish","type":"post","link":"https:\/\/ecogestion-legt.enseigne.ac-lyon.fr\/legt\/reseau-canope-premiers-pas-dans-le-metier-denseignant\/","title":{"rendered":"\u00c9coGest Lyon : R\u00e9seau Canop\u00e9 \u2013 Premiers pas dans le m\u00e9tier d\u2019enseignant"},"content":{"rendered":"<p><strong>R\u00e9seau Canop\u00e9<\/strong> a organis\u00e9 un Facebook live \u00ab Formations de rentr\u00e9e de R\u00e9seau Canop\u00e9 : posez-nous vos questions en direct ! \u00bb pour r\u00e9pondre le mieux possible aux besoins p\u00e9dagogiques des professeurs, n\u00e9o-titulaires, contractuels, stagiaires.<\/p>\n<p>Pour en savoir plus :\u00a0<a href=\"https:\/\/www.reseau-canope.fr\/premiers-pas-dans-le-metier-denseignant.html\" target=\"_blank\" rel=\"noopener noreferrer\">https:\/\/www.reseau-canope.fr\/premiers-pas-dans-le-metier-denseignant.html<\/a><\/p>\n","protected":false},"excerpt":{"rendered":"<p>R\u00e9seau Canop\u00e9 a organis\u00e9 un Facebook live \u00ab Formations de rentr\u00e9e de R\u00e9seau Canop\u00e9 : posez-nous vos questions en direct ! \u00bb pour r\u00e9pondre le mieux possible aux besoins p\u00e9dagogiques des professeurs, n\u00e9o-titulaires, contractuels, stagiaires. Pour en savoir plus :\u00a0https:\/\/www.reseau-canope.fr\/premiers-pas-dans-le-metier-denseignant.html<\/p>\n","protected":false},"author":17,"featured_media":0,"comment_status":"closed","ping_status":"open","sticky":false,"template":"","format":"standard","meta":{"footnotes":""},"categories":[12],"tags":[559,701,754],"class_list":["post-16977","post","type-post","status-publish","format-standard","hentry","category-flashs","tag-formation","tag-flash","tag-metier"],"_links":{"self":[{"href":"https:\/\/ecogestion-legt.enseigne.ac-lyon.fr\/legt\/wp-json\/wp\/v2\/posts\/16977","targetHints":{"allow":["GET"]}}],"collection":[{"href":"https:\/\/ecogestion-legt.enseigne.ac-lyon.fr\/legt\/wp-json\/wp\/v2\/posts"}],"about":[{"href":"https:\/\/ecogestion-legt.enseigne.ac-lyon.fr\/legt\/wp-json\/wp\/v2\/types\/post"}],"author":[{"embeddable":true,"href":"https:\/\/ecogestion-legt.enseigne.ac-lyon.fr\/legt\/wp-json\/wp\/v2\/users\/17"}],"replies":[{"embeddable":true,"href":"https:\/\/ecogestion-legt.enseigne.ac-lyon.fr\/legt\/wp-json\/wp\/v2\/comments?post=16977"}],"version-history":[{"count":5,"href":"https:\/\/ecogestion-legt.enseigne.ac-lyon.fr\/legt\/wp-json\/wp\/v2\/posts\/16977\/revisions"}],"predecessor-version":[{"id":16987,"href":"https:\/\/ecogestion-legt.enseigne.ac-lyon.fr\/legt\/wp-json\/wp\/v2\/posts\/16977\/revisions\/16987"}],"wp:attachment":[{"href":"https:\/\/ecogestion-legt.enseigne.ac-lyon.fr\/legt\/wp-json\/wp\/v2\/media?parent=16977"}],"wp:term":[{"taxonomy":"category","embeddable":true,"href":"https:\/\/ecogestion-legt.enseigne.ac-lyon.fr\/legt\/wp-json\/wp\/v2\/categories?post=16977"},{"taxonomy":"post_tag","embeddable":true,"href":"https:\/\/ecogestion-legt.enseigne.ac-lyon.fr\/legt\/wp-json\/wp\/v2\/tags?post=16977"}],"curies":[{"name":"wp","href":"https:\/\/api.w.org\/{rel}","templated":true}]}}