
{"id":16823,"date":"2022-09-11T23:21:27","date_gmt":"2022-09-11T21:21:27","guid":{"rendered":"https:\/\/ecogestion-legt.enseigne.ac-lyon.fr\/legt\/?p=16823&#038;preview=true&#038;preview_id=16823"},"modified":"2022-09-11T23:26:10","modified_gmt":"2022-09-11T21:26:10","slug":"luniversite-de-lyon-2-recherche-des-professeurs-vacataires-pour-des-heures-de-td","status":"publish","type":"post","link":"https:\/\/ecogestion-legt.enseigne.ac-lyon.fr\/legt\/luniversite-de-lyon-2-recherche-des-professeurs-vacataires-pour-des-heures-de-td\/","title":{"rendered":"\u00c9coGest Lyon : L&rsquo;Universit\u00e9 de Lyon 2 recherche des professeurs vacataires pour des heures de TD."},"content":{"rendered":"<p>L&rsquo;Universit\u00e9 de Lyon 2 recherche des professeurs vacataires pour des heures de TD. La personne en charge de la Licence a pens\u00e9 \u00e0 des coll\u00e8gues de SES et d&rsquo;\u00e9conomie-gestion pour le prendre en charge. Il s&rsquo;agit d&rsquo;un TD de premi\u00e8re ann\u00e9e de Licence AES semestre 1 : soit 15h par groupe, d\u00e9butant le 04 octobre et se terminant d\u00e9but d\u00e9cembre. Il reste deux groupes non pourvus, le mardi 14-16h et 16-18h.<\/p>\n<p>La correspondante \u00e0 Lyon 2, \u00e0 contacter, est Mme Corinne Barthe, <a href=\"mailto:Corinne.Barthe@univ-lyon2.fr\" target=\"_blank\" rel=\"noopener noreferrer\">Corinne.Barthe@univ-lyon2.fr<\/a><\/p>\n","protected":false},"excerpt":{"rendered":"<p>L&rsquo;Universit\u00e9 de Lyon 2 recherche des professeurs vacataires pour des heures de TD. La personne en charge de la Licence a pens\u00e9 \u00e0 des coll\u00e8gues de SES et d&rsquo;\u00e9conomie-gestion pour le prendre en charge. Il s&rsquo;agit d&rsquo;un TD de premi\u00e8re ann\u00e9e de Licence AES semestre 1 : soit 15h par groupe, d\u00e9butant le 04 octobre [&hellip;]<\/p>\n","protected":false},"author":17,"featured_media":0,"comment_status":"closed","ping_status":"open","sticky":false,"template":"","format":"standard","meta":{"footnotes":""},"categories":[12],"tags":[701,754],"class_list":["post-16823","post","type-post","status-publish","format-standard","hentry","category-flashs","tag-flash","tag-metier"],"_links":{"self":[{"href":"https:\/\/ecogestion-legt.enseigne.ac-lyon.fr\/legt\/wp-json\/wp\/v2\/posts\/16823","targetHints":{"allow":["GET"]}}],"collection":[{"href":"https:\/\/ecogestion-legt.enseigne.ac-lyon.fr\/legt\/wp-json\/wp\/v2\/posts"}],"about":[{"href":"https:\/\/ecogestion-legt.enseigne.ac-lyon.fr\/legt\/wp-json\/wp\/v2\/types\/post"}],"author":[{"embeddable":true,"href":"https:\/\/ecogestion-legt.enseigne.ac-lyon.fr\/legt\/wp-json\/wp\/v2\/users\/17"}],"replies":[{"embeddable":true,"href":"https:\/\/ecogestion-legt.enseigne.ac-lyon.fr\/legt\/wp-json\/wp\/v2\/comments?post=16823"}],"version-history":[{"count":2,"href":"https:\/\/ecogestion-legt.enseigne.ac-lyon.fr\/legt\/wp-json\/wp\/v2\/posts\/16823\/revisions"}],"predecessor-version":[{"id":16825,"href":"https:\/\/ecogestion-legt.enseigne.ac-lyon.fr\/legt\/wp-json\/wp\/v2\/posts\/16823\/revisions\/16825"}],"wp:attachment":[{"href":"https:\/\/ecogestion-legt.enseigne.ac-lyon.fr\/legt\/wp-json\/wp\/v2\/media?parent=16823"}],"wp:term":[{"taxonomy":"category","embeddable":true,"href":"https:\/\/ecogestion-legt.enseigne.ac-lyon.fr\/legt\/wp-json\/wp\/v2\/categories?post=16823"},{"taxonomy":"post_tag","embeddable":true,"href":"https:\/\/ecogestion-legt.enseigne.ac-lyon.fr\/legt\/wp-json\/wp\/v2\/tags?post=16823"}],"curies":[{"name":"wp","href":"https:\/\/api.w.org\/{rel}","templated":true}]}}