
{"id":16736,"date":"2022-09-01T17:04:37","date_gmt":"2022-09-01T15:04:37","guid":{"rendered":"https:\/\/ecogestion-legt.enseigne.ac-lyon.fr\/legt\/?p=16736&#038;preview=true&#038;preview_id=16736"},"modified":"2022-11-07T00:40:55","modified_gmt":"2022-11-06T23:40:55","slug":"ecogest-lyon-lettre-de-rentree-2022-2023","status":"publish","type":"post","link":"https:\/\/ecogestion-legt.enseigne.ac-lyon.fr\/legt\/ecogest-lyon-lettre-de-rentree-2022-2023\/","title":{"rendered":"\u00c9coGest Lyon : Lettre de rentr\u00e9e 2022"},"content":{"rendered":"<p><strong>Les IA-IPR \u00c9conomie et Gestion<\/strong><\/p>\n<p><strong>\u00c0 Mesdames et Messieurs les chefs d\u2019\u00e9tablissement,<\/strong><\/p>\n<p><strong>\u00c0 mesdames et Messieurs les pr\u00e9sidents de Greta,<\/strong><\/p>\n<p><strong>\u00c0 Mesdames et Messieurs les DDFPT,<\/strong><\/p>\n<p><strong>\u00c0 Mesdames et Messieurs les CFC,<\/strong><\/p>\n<p><strong>\u00c0 Mesdames et Messieurs les coordonnateurs disciplinaires,<\/strong><\/p>\n<p><strong>\u00c0 Mesdames et Messieurs les professeurs d\u2019Economie-Gestion,<\/strong><\/p>\n<p>&nbsp;<\/p>\n<p>Tout d\u2019abord, l\u2019\u00e9quipe des IA-IPR \u00c9conomie et gestion de l\u2019acad\u00e9mie de Lyon vous souhaite une excellente rentr\u00e9e scolaire 2022. Nous esp\u00e9rons tout comme vous que cette ann\u00e9e soit \u00ab normale \u00bb dans l\u2019exercice des missions de chacun.<\/p>\n<p>Nous souhaitons \u00e9galement la bienvenue \u00e0 tous les nouveaux professeurs rejoignant notre Acad\u00e9mie, une bonne int\u00e9gration au sein de leur nouvelle \u00e9quipe pour les professeurs ayant chang\u00e9 d\u2019affectation ou ayant de nouvelles fonctions et enfin, une excellente prise de fonction pour les professeurs stagiaires et les professeurs contractuels.<\/p>\n<p>Par ailleurs nous \u00e9tions exceptionnellement 4 inspecteurs lors de la rentr\u00e9e pr\u00e9c\u00e9dente. Cependant notre coll\u00e8gue Pierre Peyrel a rejoint son acad\u00e9mie d\u2019origine (Clermont-Ferrand) et nous serons donc maintenant 3 IA-IPR pour vous accompagner et piloter la discipline. Jean-Charles Diry \u2013 Nathalie Freydi\u00e8re \u2013 V\u00e9ronique Monmaron.<\/p>\n<p>Nous vous invitons \u00e0 consulter la r\u00e9partition de nos missions et responsabilit\u00e9s ainsi que les diff\u00e9rents dossiers pour lesquels nous avons aussi mobilis\u00e9s des professeurs charg\u00e9s de mission ou de dossiers. Tout cela est en ligne sur :<\/p>\n<p>\u00b7\u00a0\u00a0\u00a0\u00a0\u00a0\u00a0\u00a0\u00a0\u00a0\u00a0\u00a0\u00a0<a href=\"https:\/\/ecogestion-legt.enseigne.ac-lyon.fr\/legt\/\" target=\"_blank\" rel=\"noopener noreferrer\">\u00a0\u00a0\u00a0\u00a0 EcoGest Lyon: Site Economie et Gestion de l&rsquo;Acad\u00e9mie de Lyon \u2013 EcoGest Lyon (ac-lyon.fr)<\/a><\/p>\n<p>Plus pr\u00e9cis\u00e9ment :<\/p>\n<p>&#8211;\u00a0\u00a0\u00a0\u00a0\u00a0\u00a0\u00a0\u00a0\u00a0\u00a0\u00a0\u00a0\u00a0\u00a0\u00a0\u00a0\u00a0<strong> Jean-Charles Diry IA-IPR<\/strong>, est en charge, des fili\u00e8res de la gestion et finances (CG, SAM, Assurance, Notariat) la fili\u00e8re de l\u2019expertise comptable, niveau licence le DCG, niveau master le DSCG. Par ailleurs la fili\u00e8re informatique, et la s\u00e9curit\u00e9 du transport-logistique (SIO, MOS, GTLA). \u00c9galement CARDIE (conseiller acad\u00e9mique de monsieur le recteur pour l\u2019innovation p\u00e9dagogique) et enfin Directeur Adjoint de la nouvelle \u00e9cole acad\u00e9mique de la formation continue (EAFC).<\/p>\n<p>&#8211;\u00a0\u00a0\u00a0\u00a0\u00a0\u00a0\u00a0\u00a0\u00a0\u00a0\u00a0\u00a0\u00a0\u00a0\u00a0\u00a0\u00a0 <strong>Nathalie Freydi\u00e8re IA-IPR<\/strong>, est en charge, de l\u2019ensemble des fili\u00e8res commerciales (PI, CI, MCO, NDRC, CSST, Banque) mais aussi, des classes pr\u00e9paratoires aux grandes \u00e9coles : CPGE ECT-ECP et, ATS. Elle a \u00e9galement en charge le dossier de la Banque de France et le suivi du passeport EducFi.<\/p>\n<p>&#8211;\u00a0\u00a0\u00a0\u00a0\u00a0\u00a0\u00a0\u00a0\u00a0\u00a0\u00a0\u00a0\u00a0\u00a0\u00a0\u00a0\u00a0 <strong>V\u00e9ronique Monmaron IA-IPR<\/strong>, est en charge, des fili\u00e8res de l\u2019h\u00f4tellerie restauration et du Tourisme pour notre acad\u00e9mie et l\u2019acad\u00e9mie de Clermont-Ferrand mais aussi du BTS GPME et du BTS Communication. Elle suivra \u00e9galement avec Nathalie Freydi\u00e8re les classes pr\u00e9paratoires aux grandes \u00e9coles (CPGE ECT-ECP et, ATS).<\/p>\n<p>Pour le baccalaur\u00e9at, c\u2019est ensemble que nous suivrons tous les dossiers STMG, et V\u00e9ronique Monmaron assurera \u00e9galement la gestion et le suivi de la s\u00e9rie STHR.<\/p>\n<p>Nous souhaitons dans cette lettre attirer votre attention sur les points suivants :<\/p>\n<p>1)\u00a0\u00a0\u00a0 <strong>Le comit\u00e9 technique (COTECH)<\/strong> \u00c9conomie et gestion, viendra en appui du corps d\u2019inspection sur certains dossiers. Ce dernier est compos\u00e9 des inspecteurs auxquels sont associ\u00e9s :<\/p>\n<p>\u00b7\u00a0\u00a0\u00a0\u00a0\u00a0\u00a0\u00a0\u00a0\u00a0\u00a0\u00a0\u00a0\u00a0\u00a0\u00a0\u00a0<strong> Les professeurs charg\u00e9s de missions d\u2019inspection<\/strong> : Marc Bricard, Chantal Bricard (\u00e9galement ing\u00e9nieur au sein de la CARDIE), Laetitia Peltier et Christophe Regnault.<\/p>\n<p>\u00b7\u00a0\u00a0\u00a0\u00a0\u00a0\u00a0\u00a0\u00a0\u00a0\u00a0\u00a0\u00a0\u00a0\u00a0\u00a0\u00a0 <strong>Les professeurs, charg\u00e9s de dossiers sp\u00e9cifiques<\/strong> : Muriel Majorel (H\u00f4tellerie restauration), Jessica Yannaccopoulos Tourisme), Jean-Paul Gourdant et Romain Gillet (co-pilotage des TraAM \u2013 Travaux Acad\u00e9miques Mutualis\u00e9s), Philippe Brimbeuf (IAN \u2013 Interlocuteur Acad\u00e9mique au Num\u00e9rique pour notre discipline), Marianne Cr\u00e9millieu (charg\u00e9e de la communication institutionnelle du site \u00c9conomie et gestion et de la communication sur les r\u00e9seaux sociaux). Enfin Yoann Perret aura la charge du dispositif d\u2019accompagnement p\u00e9dagogique en STMG.<\/p>\n<p>2)\u00a0\u00a0\u00a0 <strong>Les professeurs formateurs et des professeurs r\u00e9f\u00e9rents de BTS<\/strong> sont \u00e9galement missionn\u00e9s pour des travaux li\u00e9s \u00e0 la formation ou \u00e0 l\u2019organisation des examens. Ils pourront \u00eatre vos interlocuteurs sur des probl\u00e8mes de didactique des enseignements et\/ou sur les examens.<\/p>\n<p>3)\u00a0\u00a0\u00a0 <strong>Le cadre r\u00e9glementaire d\u2019exercice de vos missions<\/strong> et notamment :<\/p>\n<p>\u00b7\u00a0\u00a0\u00a0\u00a0\u00a0\u00a0\u00a0\u00a0\u00a0\u00a0\u00a0\u00a0\u00a0\u00a0\u00a0\u00a0 Les \u00e9l\u00e9ments de la conf\u00e9rence de presse de rentr\u00e9e du ministre de l\u2019Education nationale <a href=\"https:\/\/www.education.gouv.fr\/annee-scolaire-2022-2023-construisons-ensemble-une-ecole-engagee-342475\" target=\"_blank\" rel=\"noopener noreferrer\">Ann\u00e9e scolaire 2022-2023 : Construisons ensemble une \u00e9cole engag\u00e9e ! | Minist\u00e8re de l&rsquo;Education Nationale et de la Jeunesse<\/a> et les orientations nationales li\u00e9es \u00e0 France <a href=\"https:\/\/www.gouvernement.fr\/france-2030\" target=\"_blank\" rel=\"noopener noreferrer\">2030 https:\/\/www.gouvernement.fr\/les-priorites\/france-2030<\/a><\/p>\n<p>\u00b7\u00a0\u00a0\u00a0\u00a0\u00a0\u00a0\u00a0\u00a0\u00a0\u00a0\u00a0\u00a0\u00a0\u00a0\u00a0\u00a0 La circulaire de rentr\u00e9e 2022 <a href=\"https:\/\/www.education.gouv.fr\/bo\/22\/Hebdo26\/MENE2219299C.htm\" target=\"_blank\" rel=\"noopener noreferrer\">Circulaire de rentr\u00e9e 2022 | Minist\u00e8re de l&rsquo;Education Nationale et de la Jeunesse<\/a><\/p>\n<p>\u00b7\u00a0\u00a0\u00a0\u00a0\u00a0\u00a0\u00a0\u00a0\u00a0\u00a0\u00a0\u00a0\u00a0\u00a0\u00a0\u00a0 Les principales priorit\u00e9s de Monsieur le Recteur de la R\u00e9gion Acad\u00e9mique Auvergne Rh\u00f4ne-Alpes, Recteur de l\u2019Acad\u00e9mie de Lyon <a href=\"https:\/\/www.ac-lyon.fr\/\" target=\"_blank\" rel=\"noopener noreferrer\">La rentr\u00e9e dans l&rsquo;acad\u00e9mie de Lyon | Acad\u00e9mie de Lyon (ac-lyon.fr)<\/a><\/p>\n<p>&nbsp;<\/p>\n<p>Par ailleurs, concernant la formation continue des enseignants, c\u2019est l\u2019ensemble du dispositif de formation continue qui a \u00e9t\u00e9 chang\u00e9. Les professeurs ne s\u2019engageront plus dans des actions de formations ponctuelles mais dans des parcours de formation continue au sein de l\u2019EAFC <a href=\"https:\/\/www.ac-lyon.fr\/eafc\" target=\"_blank\" rel=\"noopener noreferrer\">\u00c9cole Acad\u00e9mique de la Formation Continue (EAFC) | Acad\u00e9mie de Lyon (ac-lyon.fr)<\/a>.<\/p>\n<p>Un parcours de formation c\u2019est :<\/p>\n<p>&#8211;\u00a0\u00a0\u00a0\u00a0\u00a0\u00a0\u00a0\u00a0\u00a0\u00a0\u00a0\u00a0\u00a0\u00a0\u00a0\u00a0\u00a0 Entre 25h et 30h de formation continue.<\/p>\n<p>&#8211;\u00a0\u00a0\u00a0\u00a0\u00a0\u00a0\u00a0\u00a0\u00a0\u00a0\u00a0\u00a0\u00a0\u00a0\u00a0\u00a0\u00a0 Sur une dur\u00e9e de r\u00e9alisation comprise entre 6 mois et 3 ans.<\/p>\n<p>&#8211;\u00a0\u00a0\u00a0\u00a0\u00a0\u00a0\u00a0\u00a0\u00a0\u00a0\u00a0\u00a0\u00a0\u00a0\u00a0\u00a0\u00a0 Comprenant 3 types de modules de formation :<\/p>\n<p>o\u00a0\u00a0<strong> Modules de formation\/information <\/strong>: temps de formation en groupe cibl\u00e9, de dur\u00e9e variable, en pr\u00e9sentiel ou en distanciel (synchrone ou asynchrone) permettant aux professeurs de recevoir des contenus plus institutionnels par exemple sur des contenus disciplinaires<\/p>\n<p>o\u00a0\u00a0 <strong>Modules de transf\u00e9rabilit\u00e9 et de co-d\u00e9veloppement<\/strong> : temps de dur\u00e9e variable permettant aux professeurs du groupe de travailler \u00e0 l\u2019exploitation p\u00e9dagogique de ce qui a \u00e9t\u00e9 donn\u00e9 en module de formation. Des \u00ab livrables p\u00e9dagogiques \u00bb seront attendus ici, et les professeurs travailleront sur des temps d\u00e9di\u00e9s et en autonomie.<\/p>\n<p>o\u00a0\u00a0 <strong>Modules de personnalisation<\/strong> : temps de dur\u00e9e variable permettant \u00e0 chaque professeur du groupe de b\u00e9n\u00e9ficier (r\u00e9ponse \u00e0 des besoins individuels) d\u2019un accompagnement diff\u00e9renci\u00e9 (compl\u00e9ment de formation, renforcement, tutorat, coaching\u2026).<\/p>\n<p>Ces nouveaux parcours de formation offrent la possibilit\u00e9 d\u2019une certification ou d\u2019un diplomation (certificat, dipl\u00f4me, titre, Open Badge\u2026) et assurent la reconnaissance institutionnelle et universitaire de la formation re\u00e7ue.<\/p>\n<p>Les inscriptions se feront \u00e0 partir de la nouvelle plateforme SOFIA-FMO qui sera disponible \u00e0 partir des cong\u00e9s de Toussaint.<\/p>\n<p>Chantal Bricard (CMI) a la charge de l\u2019op\u00e9rationnalisation de la formation et nous reviendrons tr\u00e8s prochainement avec elle, dans \u00ab un message hebdo \u00bb sur les modalit\u00e9s pratiques d\u2019inscription et de suivi.<\/p>\n<p>&nbsp;<\/p>\n<p>Enfin, nous vous rappelons le dispositif de communication et d\u2019\u00e9changes mis en place depuis plusieurs ann\u00e9es :<\/p>\n<p>&#8211;\u00a0\u00a0\u00a0\u00a0\u00a0\u00a0\u00a0\u00a0\u00a0\u00a0\u00a0\u00a0\u00a0\u00a0\u00a0\u00a0\u00a0 Le site acad\u00e9mique disciplinaire sur lequel vous pourrez trouver, non seulement des informations institutionnelles mais aussi un nombre important de ressources p\u00e9dagogiques, <a href=\"https:\/\/ecogestion-legt.enseigne.ac-lyon.fr\/legt\/\" target=\"_blank\" rel=\"noopener noreferrer\">https:\/\/ecogestion-legt.enseigne.ac-lyon.fr\/legt\/<\/a><\/p>\n<p>&#8211;\u00a0\u00a0\u00a0\u00a0\u00a0\u00a0\u00a0\u00a0\u00a0\u00a0\u00a0\u00a0\u00a0\u00a0\u00a0\u00a0\u00a0 L\u2019espace de travail collaboratif \u00ab viaeduc \u00bb \u00a0<a href=\"https:\/\/www.viaeduc.fr\/\" target=\"_blank\" rel=\"noopener noreferrer\">https:\/\/www.viaeduc.fr\/<\/a> . L\u2019 inscription est vivement recommand\u00e9e pour l\u2019ensemble des professeurs afin de b\u00e9n\u00e9ficier des documents et ressources p\u00e9dagogiques. <a href=\"https:\/\/ecogestion-legt.enseigne.ac-lyon.fr\/legt\/modes-operatoires-viaeduc\/\" target=\"_blank\" rel=\"noopener noreferrer\">https:\/\/ecogestion-legt.enseigne.ac-lyon.fr\/legt\/modes-operatoires-viaeduc\/<\/a><\/p>\n<p>&#8211;\u00a0\u00a0\u00a0\u00a0\u00a0\u00a0\u00a0\u00a0\u00a0\u00a0\u00a0\u00a0\u00a0\u00a0\u00a0\u00a0\u00a0 Le message hebdomadaire adress\u00e9 syst\u00e9matiquement aux professeurs d\u2018\u00c9conomie et gestion sur les boites fonctionnelles (nom.pr\u00e9nom@ac-lyon.fr). Ce dernier est le vecteur des informations essentielles <a href=\"https:\/\/ecogestion-legt.enseigne.ac-lyon.fr\/legt\/category\/page-daccueil\/message-hebdo\/les-articles-lies-au-message-hebdo\/\" target=\"_blank\" rel=\"noopener noreferrer\">https:\/\/ecogestion-legt.enseigne.ac-lyon.fr\/legt\/category\/page-daccueil\/message-hebdo\/les-articles-lies-au-message-hebdo\/<\/a><\/p>\n<p>&#8211;\u00a0\u00a0\u00a0\u00a0\u00a0\u00a0\u00a0\u00a0\u00a0\u00a0\u00a0\u00a0\u00a0\u00a0\u00a0\u00a0\u00a0 Les professeurs coordonnateurs disciplinaires et surtout les DDFPT sont aussi vos et nos relais pour diffuser ou faire remonter des informations.<\/p>\n<p>&nbsp;<\/p>\n<p>Nous restons \u00e0 votre \u00e9coute pour vous accompagner dans votre pratique professionnelle et vos projets p\u00e9dagogiques, mais aussi sur le d\u00e9roulement de votre carri\u00e8re.<\/p>\n<p>&nbsp;<\/p>\n<p>Bonne rentr\u00e9e \u00e0 toutes et \u00e0 tous.<\/p>\n<p>&nbsp;<\/p>\n<p><strong>L\u2019\u00e9quipe des IA IPR \u2013 \u00c9conomie et gestion<\/strong><\/p>\n<p><strong>Jean-Charles DIRY (<a href=\"mailto:jean-charles.diry@ac-lyon.fr\">jean-charles.diry@ac-lyon.fr<\/a>) <\/strong><\/p>\n<p><strong>Nathalie FREYDIERE (<a href=\"http:\/\/nathalie.freydi\u00e8re@ac-lyon.fr\">nathalie.freydi\u00e8re@ac-lyon.fr<\/a>)<\/strong><\/p>\n<p><strong>V\u00e9ronique MONMARON (<a href=\"mailto:veronique.monmaron@ac-lyon.fr\">veronique.monmaron@ac-lyon.fr<\/a>)<\/strong><\/p>\n","protected":false},"excerpt":{"rendered":"<p>Les IA-IPR \u00c9conomie et Gestion \u00c0 Mesdames et Messieurs les chefs d\u2019\u00e9tablissement, \u00c0 mesdames et Messieurs les pr\u00e9sidents de Greta, \u00c0 Mesdames et Messieurs les DDFPT, \u00c0 Mesdames et Messieurs les CFC, \u00c0 Mesdames et Messieurs les coordonnateurs disciplinaires, \u00c0 Mesdames et Messieurs les professeurs d\u2019Economie-Gestion, &nbsp; Tout d\u2019abord, l\u2019\u00e9quipe des IA-IPR \u00c9conomie et gestion [&hellip;]<\/p>\n","protected":false},"author":17,"featured_media":16718,"comment_status":"closed","ping_status":"closed","sticky":false,"template":"","format":"standard","meta":{"footnotes":""},"categories":[12],"tags":[491,492,493,494,495,498,573,746],"class_list":["post-16736","post","type-post","status-publish","format-standard","has-post-thumbnail","hentry","category-flashs","tag-rentree","tag-lettre","tag-orientation","tag-organisation","tag-mission","tag-ia-ipr","tag-economie-et-gestion","tag-746"],"_links":{"self":[{"href":"https:\/\/ecogestion-legt.enseigne.ac-lyon.fr\/legt\/wp-json\/wp\/v2\/posts\/16736","targetHints":{"allow":["GET"]}}],"collection":[{"href":"https:\/\/ecogestion-legt.enseigne.ac-lyon.fr\/legt\/wp-json\/wp\/v2\/posts"}],"about":[{"href":"https:\/\/ecogestion-legt.enseigne.ac-lyon.fr\/legt\/wp-json\/wp\/v2\/types\/post"}],"author":[{"embeddable":true,"href":"https:\/\/ecogestion-legt.enseigne.ac-lyon.fr\/legt\/wp-json\/wp\/v2\/users\/17"}],"replies":[{"embeddable":true,"href":"https:\/\/ecogestion-legt.enseigne.ac-lyon.fr\/legt\/wp-json\/wp\/v2\/comments?post=16736"}],"version-history":[{"count":21,"href":"https:\/\/ecogestion-legt.enseigne.ac-lyon.fr\/legt\/wp-json\/wp\/v2\/posts\/16736\/revisions"}],"predecessor-version":[{"id":17157,"href":"https:\/\/ecogestion-legt.enseigne.ac-lyon.fr\/legt\/wp-json\/wp\/v2\/posts\/16736\/revisions\/17157"}],"wp:featuredmedia":[{"embeddable":true,"href":"https:\/\/ecogestion-legt.enseigne.ac-lyon.fr\/legt\/wp-json\/wp\/v2\/media\/16718"}],"wp:attachment":[{"href":"https:\/\/ecogestion-legt.enseigne.ac-lyon.fr\/legt\/wp-json\/wp\/v2\/media?parent=16736"}],"wp:term":[{"taxonomy":"category","embeddable":true,"href":"https:\/\/ecogestion-legt.enseigne.ac-lyon.fr\/legt\/wp-json\/wp\/v2\/categories?post=16736"},{"taxonomy":"post_tag","embeddable":true,"href":"https:\/\/ecogestion-legt.enseigne.ac-lyon.fr\/legt\/wp-json\/wp\/v2\/tags?post=16736"}],"curies":[{"name":"wp","href":"https:\/\/api.w.org\/{rel}","templated":true}]}}