
{"id":16517,"date":"2022-06-06T18:30:55","date_gmt":"2022-06-06T16:30:55","guid":{"rendered":"https:\/\/ecogestion-legt.enseigne.ac-lyon.fr\/legt\/?p=16517&#038;preview=true&#038;preview_id=16517"},"modified":"2022-06-06T18:39:44","modified_gmt":"2022-06-06T16:39:44","slug":"recrutements-formateurs-academiques-accompagnateurs-de-projet-au-sein-de-leafc-appels-a-candidatures","status":"publish","type":"post","link":"https:\/\/ecogestion-legt.enseigne.ac-lyon.fr\/legt\/recrutements-formateurs-academiques-accompagnateurs-de-projet-au-sein-de-leafc-appels-a-candidatures\/","title":{"rendered":"\u00c9coGest Lyon : Recrutements de formateurs acad\u00e9miques, accompagnateurs de projet, charg\u00e9s de mission au sein de l\u2019EAFC, appels \u00e0 candidatures"},"content":{"rendered":"<p>L\u2019<strong>EAFC<\/strong> fait un appel \u00e0 candidatures et celui-ci est prolong\u00e9 jusqu\u2019au <strong>10 juin<\/strong> pour des formateurs acad\u00e9miques, des accompagnateurs de projets innovants ou charg\u00e9s de mission.<\/p>\n<p>Nous vous invitons \u00e0 prendre connaissance des profils recherch\u00e9s et des modalit\u00e9s de candidatures sur le <a href=\"https:\/\/www.ac-lyon.fr\/bir-2021-2022\" target=\"_blank\" rel=\"noopener noreferrer\">BIR\u00a0 n\u00b0 30 du 23 mai 2022<\/a>, R\u00e9f : EAFC\/EV\/CC\/2022 page 7 8 et 9<\/p>\n<p><strong>En savoir plus\u00a0<\/strong> : <a href=\"https:\/\/ecogestion-legt.enseigne.ac-lyon.fr\/legt\/wp-content\/uploads\/2022\/05\/bir-n-25-2021-2022-27072.pdf\">[gview file=\u00a0\u00bbhttps:\/\/ecogestion-legt.enseigne.ac-lyon.fr\/legt\/wp-content\/uploads\/2022\/06\/EAFC_RECRUTEMENT_CM_inno.pdf\u00a0\u00bb] [gview file=\u00a0\u00bbhttps:\/\/ecogestion-legt.enseigne.ac-lyon.fr\/legt\/wp-content\/uploads\/2022\/06\/EAFC_RECRUTEMENT_Accompagnateurs_inno.pdf\u00a0\u00bb] [gview file=\u00a0\u00bbhttps:\/\/ecogestion-legt.enseigne.ac-lyon.fr\/legt\/wp-content\/uploads\/2022\/06\/EAFC_Fiche-de-poste_FA-1.pdf\u00a0\u00bb]<\/a><\/p>\n","protected":false},"excerpt":{"rendered":"<p>L\u2019EAFC fait un appel \u00e0 candidatures et celui-ci est prolong\u00e9 jusqu\u2019au 10 juin pour des formateurs acad\u00e9miques, des accompagnateurs de projets innovants ou charg\u00e9s de mission. Nous vous invitons \u00e0 prendre connaissance des profils recherch\u00e9s et des modalit\u00e9s de candidatures sur le BIR\u00a0 n\u00b0 30 du 23 mai 2022, R\u00e9f : EAFC\/EV\/CC\/2022 page 7 8 [&hellip;]<\/p>\n","protected":false},"author":17,"featured_media":0,"comment_status":"closed","ping_status":"closed","sticky":false,"template":"","format":"standard","meta":{"footnotes":""},"categories":[12],"tags":[573,610,611,641,700,701,558],"class_list":["post-16517","post","type-post","status-publish","format-standard","hentry","category-flashs","tag-economie-et-gestion","tag-jip","tag-innovations","tag-recrutement","tag-breve","tag-flash","tag-ecogest"],"_links":{"self":[{"href":"https:\/\/ecogestion-legt.enseigne.ac-lyon.fr\/legt\/wp-json\/wp\/v2\/posts\/16517","targetHints":{"allow":["GET"]}}],"collection":[{"href":"https:\/\/ecogestion-legt.enseigne.ac-lyon.fr\/legt\/wp-json\/wp\/v2\/posts"}],"about":[{"href":"https:\/\/ecogestion-legt.enseigne.ac-lyon.fr\/legt\/wp-json\/wp\/v2\/types\/post"}],"author":[{"embeddable":true,"href":"https:\/\/ecogestion-legt.enseigne.ac-lyon.fr\/legt\/wp-json\/wp\/v2\/users\/17"}],"replies":[{"embeddable":true,"href":"https:\/\/ecogestion-legt.enseigne.ac-lyon.fr\/legt\/wp-json\/wp\/v2\/comments?post=16517"}],"version-history":[{"count":4,"href":"https:\/\/ecogestion-legt.enseigne.ac-lyon.fr\/legt\/wp-json\/wp\/v2\/posts\/16517\/revisions"}],"predecessor-version":[{"id":16525,"href":"https:\/\/ecogestion-legt.enseigne.ac-lyon.fr\/legt\/wp-json\/wp\/v2\/posts\/16517\/revisions\/16525"}],"wp:attachment":[{"href":"https:\/\/ecogestion-legt.enseigne.ac-lyon.fr\/legt\/wp-json\/wp\/v2\/media?parent=16517"}],"wp:term":[{"taxonomy":"category","embeddable":true,"href":"https:\/\/ecogestion-legt.enseigne.ac-lyon.fr\/legt\/wp-json\/wp\/v2\/categories?post=16517"},{"taxonomy":"post_tag","embeddable":true,"href":"https:\/\/ecogestion-legt.enseigne.ac-lyon.fr\/legt\/wp-json\/wp\/v2\/tags?post=16517"}],"curies":[{"name":"wp","href":"https:\/\/api.w.org\/{rel}","templated":true}]}}