
{"id":16498,"date":"2022-05-30T10:26:34","date_gmt":"2022-05-30T08:26:34","guid":{"rendered":"https:\/\/ecogestion-legt.enseigne.ac-lyon.fr\/legt\/?p=16498"},"modified":"2022-05-30T10:26:34","modified_gmt":"2022-05-30T08:26:34","slug":"former-aux-metiers-de-professeurs-au-21ieme-siecle","status":"publish","type":"post","link":"https:\/\/ecogestion-legt.enseigne.ac-lyon.fr\/legt\/former-aux-metiers-de-professeurs-au-21ieme-siecle\/","title":{"rendered":"\u00c9coGest Lyon : Former aux m\u00e9tiers de professeurs au 21i\u00e8me\u00a0 si\u00e8cle"},"content":{"rendered":"<p><a href=\"https:\/\/www.devenirenseignant.gouv.fr\/cid142150\/former-aux-metiers-du-professorat-et-de-l-education-au-21e-siecle.html#Une_formation_homogene_dans_toutes_les_academies_au_sein_des_INSPE\" target=\"_blank\" rel=\"noopener noreferrer\">Une formation homog\u00e8ne dans toutes les acad\u00e9mies au sein des Insp\u00e9<\/a><br \/><a href=\"https:\/\/www.devenirenseignant.gouv.fr\/cid142150\/former-aux-metiers-du-professorat-et-de-l-education-au-21e-siecle.html#Organisation_des_formations_de_master_MEEF_par_metiers\" target=\"_blank\" rel=\"noopener noreferrer\">Organisation des formations de master MEEF par m\u00e9tiers<\/a><br \/><a href=\"http:\/\/Modalit\u00e9s de la formation universitaire professionnalisante orient\u00e9e vers les m\u00e9tiers de l\u2019enseignement et de l\u2019\u00e9ducation\" target=\"_blank\" rel=\"noopener noreferrer\">Modalit\u00e9s de la formation universitaire professionnalisante orient\u00e9e vers les m\u00e9tiers de l\u2019enseignement et de l\u2019\u00e9ducation<\/a><\/p>\n","protected":false},"excerpt":{"rendered":"<p>Une formation homog\u00e8ne dans toutes les acad\u00e9mies au sein des Insp\u00e9Organisation des formations de master MEEF par m\u00e9tiersModalit\u00e9s de la formation universitaire professionnalisante orient\u00e9e vers les m\u00e9tiers de l\u2019enseignement et de l\u2019\u00e9ducation<\/p>\n","protected":false},"author":17,"featured_media":0,"comment_status":"closed","ping_status":"open","sticky":false,"template":"","format":"standard","meta":{"footnotes":""},"categories":[12],"tags":[513,559,701,740,753,754,755],"class_list":["post-16498","post","type-post","status-publish","format-standard","hentry","category-flashs","tag-zoom","tag-formation","tag-flash","tag-parcours_formation","tag-enseignants","tag-metier","tag-devenir"],"_links":{"self":[{"href":"https:\/\/ecogestion-legt.enseigne.ac-lyon.fr\/legt\/wp-json\/wp\/v2\/posts\/16498","targetHints":{"allow":["GET"]}}],"collection":[{"href":"https:\/\/ecogestion-legt.enseigne.ac-lyon.fr\/legt\/wp-json\/wp\/v2\/posts"}],"about":[{"href":"https:\/\/ecogestion-legt.enseigne.ac-lyon.fr\/legt\/wp-json\/wp\/v2\/types\/post"}],"author":[{"embeddable":true,"href":"https:\/\/ecogestion-legt.enseigne.ac-lyon.fr\/legt\/wp-json\/wp\/v2\/users\/17"}],"replies":[{"embeddable":true,"href":"https:\/\/ecogestion-legt.enseigne.ac-lyon.fr\/legt\/wp-json\/wp\/v2\/comments?post=16498"}],"version-history":[{"count":1,"href":"https:\/\/ecogestion-legt.enseigne.ac-lyon.fr\/legt\/wp-json\/wp\/v2\/posts\/16498\/revisions"}],"predecessor-version":[{"id":16499,"href":"https:\/\/ecogestion-legt.enseigne.ac-lyon.fr\/legt\/wp-json\/wp\/v2\/posts\/16498\/revisions\/16499"}],"wp:attachment":[{"href":"https:\/\/ecogestion-legt.enseigne.ac-lyon.fr\/legt\/wp-json\/wp\/v2\/media?parent=16498"}],"wp:term":[{"taxonomy":"category","embeddable":true,"href":"https:\/\/ecogestion-legt.enseigne.ac-lyon.fr\/legt\/wp-json\/wp\/v2\/categories?post=16498"},{"taxonomy":"post_tag","embeddable":true,"href":"https:\/\/ecogestion-legt.enseigne.ac-lyon.fr\/legt\/wp-json\/wp\/v2\/tags?post=16498"}],"curies":[{"name":"wp","href":"https:\/\/api.w.org\/{rel}","templated":true}]}}