
{"id":16486,"date":"2022-05-30T10:15:34","date_gmt":"2022-05-30T08:15:34","guid":{"rendered":"https:\/\/ecogestion-legt.enseigne.ac-lyon.fr\/legt\/?p=16486&#038;preview=true&#038;preview_id=16486"},"modified":"2022-05-30T10:48:46","modified_gmt":"2022-05-30T08:48:46","slug":"deux-medailles-or-et-argent-pour-la-mini-entreprise-des-bts-sam-du-lycee-quinet","status":"publish","type":"post","link":"https:\/\/ecogestion-legt.enseigne.ac-lyon.fr\/legt\/deux-medailles-or-et-argent-pour-la-mini-entreprise-des-bts-sam-du-lycee-quinet\/","title":{"rendered":"\u00c9coGest Lyon : Deux m\u00e9dailles, or et argent, pour la mini entreprise des BTS SAM du lyc\u00e9e QUINET"},"content":{"rendered":"<p>&nbsp;<\/p>\n<p>Nous avions suivi la cr\u00e9ation <a href=\"https:\/\/ecogestion-legt.enseigne.ac-lyon.fr\/legt\/etugeres-la-mini-entreprise-des-bts-sam-du-lycee-quinet\/\" target=\"_blank\" rel=\"noopener noreferrer\">d&rsquo;ETU\u2019GERES<\/a>, la mini-entreprise des BTS SAM du lyc\u00e9e Quinet. Quelques mois apr\u00e8s l&rsquo;\u00e9quipe d&rsquo;Etudg\u00e8re nous fait partager son succ\u00e8s. Et pour donner encore plus de sens \u00e0 cette formidable exp\u00e9rience, apr\u00e8s avoir cl\u00f4tur\u00e9 leur mini, les \u00e9tudiants ont\u00a0 d\u00e9cid\u00e9 de redistribuer l\u2019ensemble des b\u00e9n\u00e9fices \u00e0 l\u2019association <a href=\"https:\/\/www.souriredenfant.fr\/\" target=\"_blank\" rel=\"noopener noreferrer\">Sourire d\u2019enfant<\/a>.<\/p>\n<p>Bravo \u00e0 tous les participants !<\/p>\n<p>&nbsp;<\/p>\n<h2>Le salon <em>Essentiel Art de vivre<\/em><\/h2>\n<p>&nbsp;<\/p>\n<p>Le 1er, 2 et 3 Avril 2022, nous avons eu la chance d\u2019\u00eatre invit\u00e9 d\u2019honneur \u00e0 la septi\u00e8me \u00e9dition du Salon \u00ab\u00a0Essentiel Art de vivre\u00a0\u00bb d\u2019 Ainterexpo \u00e0 Bourg-en-Bresse. Nous avons pu y pr\u00e9senter nos produits et partager notre exp\u00e9rience avec l\u2019ensemble des visiteurs<\/p>\n<p>&nbsp;<\/p>\n<p>&nbsp;<\/p>\n<p>Pour en savoir plus[gview file=\u00a0\u00bbhttps:\/\/ecogestion-legt.enseigne.ac-lyon.fr\/legt\/wp-content\/uploads\/2022\/05\/Mini-Quinet-AG-mini.pdf\u00a0\u00bb]<\/p>\n","protected":false},"excerpt":{"rendered":"<p>&nbsp; Nous avions suivi la cr\u00e9ation d&rsquo;ETU\u2019GERES, la mini-entreprise des BTS SAM du lyc\u00e9e Quinet. Quelques mois apr\u00e8s l&rsquo;\u00e9quipe d&rsquo;Etudg\u00e8re nous fait partager son succ\u00e8s. Et pour donner encore plus de sens \u00e0 cette formidable exp\u00e9rience, apr\u00e8s avoir cl\u00f4tur\u00e9 leur mini, les \u00e9tudiants ont\u00a0 d\u00e9cid\u00e9 de redistribuer l\u2019ensemble des b\u00e9n\u00e9fices \u00e0 l\u2019association Sourire d\u2019enfant. Bravo [&hellip;]<\/p>\n","protected":false},"author":17,"featured_media":16490,"comment_status":"closed","ping_status":"closed","sticky":false,"template":"","format":"standard","meta":{"footnotes":""},"categories":[293,152],"tags":[393,573,608,609,709,710],"class_list":["post-16486","post","type-post","status-publish","format-standard","has-post-thumbnail","hentry","category-actualites-bts-am-sam","category-zooms","tag-accueil_zoom","tag-economie-et-gestion","tag-btssam","tag-innovation","tag-mini-entreprise","tag-objecti"],"_links":{"self":[{"href":"https:\/\/ecogestion-legt.enseigne.ac-lyon.fr\/legt\/wp-json\/wp\/v2\/posts\/16486","targetHints":{"allow":["GET"]}}],"collection":[{"href":"https:\/\/ecogestion-legt.enseigne.ac-lyon.fr\/legt\/wp-json\/wp\/v2\/posts"}],"about":[{"href":"https:\/\/ecogestion-legt.enseigne.ac-lyon.fr\/legt\/wp-json\/wp\/v2\/types\/post"}],"author":[{"embeddable":true,"href":"https:\/\/ecogestion-legt.enseigne.ac-lyon.fr\/legt\/wp-json\/wp\/v2\/users\/17"}],"replies":[{"embeddable":true,"href":"https:\/\/ecogestion-legt.enseigne.ac-lyon.fr\/legt\/wp-json\/wp\/v2\/comments?post=16486"}],"version-history":[{"count":3,"href":"https:\/\/ecogestion-legt.enseigne.ac-lyon.fr\/legt\/wp-json\/wp\/v2\/posts\/16486\/revisions"}],"predecessor-version":[{"id":16502,"href":"https:\/\/ecogestion-legt.enseigne.ac-lyon.fr\/legt\/wp-json\/wp\/v2\/posts\/16486\/revisions\/16502"}],"wp:featuredmedia":[{"embeddable":true,"href":"https:\/\/ecogestion-legt.enseigne.ac-lyon.fr\/legt\/wp-json\/wp\/v2\/media\/16490"}],"wp:attachment":[{"href":"https:\/\/ecogestion-legt.enseigne.ac-lyon.fr\/legt\/wp-json\/wp\/v2\/media?parent=16486"}],"wp:term":[{"taxonomy":"category","embeddable":true,"href":"https:\/\/ecogestion-legt.enseigne.ac-lyon.fr\/legt\/wp-json\/wp\/v2\/categories?post=16486"},{"taxonomy":"post_tag","embeddable":true,"href":"https:\/\/ecogestion-legt.enseigne.ac-lyon.fr\/legt\/wp-json\/wp\/v2\/tags?post=16486"}],"curies":[{"name":"wp","href":"https:\/\/api.w.org\/{rel}","templated":true}]}}