
{"id":16405,"date":"2022-05-15T20:06:05","date_gmt":"2022-05-15T18:06:05","guid":{"rendered":"https:\/\/ecogestion-legt.enseigne.ac-lyon.fr\/legt\/?p=16405&#038;preview=true&#038;preview_id=16405"},"modified":"2022-05-15T20:43:37","modified_gmt":"2022-05-15T18:43:37","slug":"les-elections-professionnelles-2022-se-derouleront-par-internet-du-1er-au-8-decembre","status":"publish","type":"post","link":"https:\/\/ecogestion-legt.enseigne.ac-lyon.fr\/legt\/les-elections-professionnelles-2022-se-derouleront-par-internet-du-1er-au-8-decembre\/","title":{"rendered":"\u00c9coGest Lyon : Les \u00e9lections professionnelles 2022, se d\u00e9rouleront par internet du 1er au 8 d\u00e9cembre."},"content":{"rendered":"<p>Les \u00e9lections professionnelles 2022, se d\u00e9rouleront par internet du 1er au 8 d\u00e9cembre. Vous pouvez consulter la liste des 600 instances concern\u00e9es par les \u00e9lections de d\u00e9cembre 2022, avec les effectifs qu\u2019elles couvrent et la proportion de femmes et d\u2019hommes qui composent ces effectifs.<\/p>\n<p><a href=\"https:\/\/www.education.gouv.fr\/elections-professionnelles-2022-3248\" target=\"_blank\" rel=\"noopener noreferrer\">https:\/\/www.education.gouv.fr\/elections-professionnelles-2022-3248<\/a><\/p>\n<p>&nbsp;<\/p>\n","protected":false},"excerpt":{"rendered":"<p>Les \u00e9lections professionnelles 2022, se d\u00e9rouleront par internet du 1er au 8 d\u00e9cembre. Vous pouvez consulter la liste des 600 instances concern\u00e9es par les \u00e9lections de d\u00e9cembre 2022, avec les effectifs qu\u2019elles couvrent et la proportion de femmes et d\u2019hommes qui composent ces effectifs. https:\/\/www.education.gouv.fr\/elections-professionnelles-2022-3248 &nbsp;<\/p>\n","protected":false},"author":17,"featured_media":0,"comment_status":"closed","ping_status":"closed","sticky":false,"template":"","format":"standard","meta":{"footnotes":""},"categories":[12],"tags":[558,573,700,701,750,393],"class_list":["post-16405","post","type-post","status-publish","format-standard","hentry","category-flashs","tag-ecogest","tag-economie-et-gestion","tag-breve","tag-flash","tag-elections_professionnelles","tag-accueil_zoom"],"_links":{"self":[{"href":"https:\/\/ecogestion-legt.enseigne.ac-lyon.fr\/legt\/wp-json\/wp\/v2\/posts\/16405","targetHints":{"allow":["GET"]}}],"collection":[{"href":"https:\/\/ecogestion-legt.enseigne.ac-lyon.fr\/legt\/wp-json\/wp\/v2\/posts"}],"about":[{"href":"https:\/\/ecogestion-legt.enseigne.ac-lyon.fr\/legt\/wp-json\/wp\/v2\/types\/post"}],"author":[{"embeddable":true,"href":"https:\/\/ecogestion-legt.enseigne.ac-lyon.fr\/legt\/wp-json\/wp\/v2\/users\/17"}],"replies":[{"embeddable":true,"href":"https:\/\/ecogestion-legt.enseigne.ac-lyon.fr\/legt\/wp-json\/wp\/v2\/comments?post=16405"}],"version-history":[{"count":1,"href":"https:\/\/ecogestion-legt.enseigne.ac-lyon.fr\/legt\/wp-json\/wp\/v2\/posts\/16405\/revisions"}],"predecessor-version":[{"id":16406,"href":"https:\/\/ecogestion-legt.enseigne.ac-lyon.fr\/legt\/wp-json\/wp\/v2\/posts\/16405\/revisions\/16406"}],"wp:attachment":[{"href":"https:\/\/ecogestion-legt.enseigne.ac-lyon.fr\/legt\/wp-json\/wp\/v2\/media?parent=16405"}],"wp:term":[{"taxonomy":"category","embeddable":true,"href":"https:\/\/ecogestion-legt.enseigne.ac-lyon.fr\/legt\/wp-json\/wp\/v2\/categories?post=16405"},{"taxonomy":"post_tag","embeddable":true,"href":"https:\/\/ecogestion-legt.enseigne.ac-lyon.fr\/legt\/wp-json\/wp\/v2\/tags?post=16405"}],"curies":[{"name":"wp","href":"https:\/\/api.w.org\/{rel}","templated":true}]}}