
{"id":16254,"date":"2022-05-04T12:05:31","date_gmt":"2022-05-04T10:05:31","guid":{"rendered":"https:\/\/ecogestion-legt.enseigne.ac-lyon.fr\/legt\/?p=16254&#038;preview=true&#038;preview_id=16254"},"modified":"2022-05-04T12:05:31","modified_gmt":"2022-05-04T10:05:31","slug":"urgent-recrutement-dingenieurs-formation-a-leafc-pour-lannee-scolaire-2022-2023-bir-n25-du-4-avril-2022-ref-eafc-cc-2022","status":"publish","type":"post","link":"https:\/\/ecogestion-legt.enseigne.ac-lyon.fr\/legt\/urgent-recrutement-dingenieurs-formation-a-leafc-pour-lannee-scolaire-2022-2023-bir-n25-du-4-avril-2022-ref-eafc-cc-2022\/","title":{"rendered":"\u00c9coGest Lyon : Urgent : Recrutement d\u2019ing\u00e9nieurs formation \u00e0 l\u2019EAFC pour l&rsquo;ann\u00e9e scolaire 2022-2023, BIR n\u00b025 du 4 avril 2022- R\u00e9f : EAFC\/CC\/2022"},"content":{"rendered":"<p>&nbsp;<\/p>\n<p><strong>L\u2019\u00c9cole acad\u00e9mique de formation continue recrute des ing\u00e9nieurs(es) de formation \u00e0 temps plein.<\/strong><\/p>\n<p>Ces postes sont \u00e0 pourvoir au 1er septembre 2022, pour une p\u00e9riode de cinq ans cons\u00e9cutifs, \u00e0 temps plein, maximum.<\/p>\n<p><strong>Mission :<\/strong> <br \/>L\u2019ing\u00e9nieur(e) de formation assure la gestion et la coordination des actions de formation dans leur globalit\u00e9, depuis l\u2019\u00e9mergence de l\u2019offre jusqu\u2019\u00e0 leur \u00e9valuation, qualitative et quantitative.<\/p>\n<p>A ce titre, il ou elle :<\/p>\n<ul>\n<li>accompagne la mise en \u0153uvre de la politique nationale et acad\u00e9mique de la formation des personnels, en application du sch\u00e9ma directeur de la formation continue,<\/li>\n<li>accompagne et collabore avec les demandeurs et concepteurs de formation (personnels intercat\u00e9goriels, corps d\u2019inspection, conseillers techniques, chefs d\u2019\u00e9tablissement, directeurs d\u2019\u00e9cole, IH2EF, INSP\u00c9, universit\u00e9s, Canop\u00e9, laboratoires de recherche\u2026),<\/li>\n<li>coordonne l\u2019action des formateurs, des formateurs acad\u00e9miques, des accompagnateurs de projet intervenant dans le cadre des formations,<\/li>\n<li>d\u00e9veloppe des modalit\u00e9s de travail en r\u00e9seau en faveur de dynamiques acad\u00e9miques.<\/li>\n<li>participe \u00e0 la conception, \u00e0 la r\u00e9alisation, au suivi et \u00e0 l\u2019\u00e9valuation des dispositifs de formation relevant des diff\u00e9rents cycles et domaines dont il ou elle est charg\u00e9(e),<\/li>\n<li>veille \u00e0 la faisabilit\u00e9 logistique, administrative et budg\u00e9taire de l\u2019organisation des parcours de formation,<\/li>\n<li>s\u2019assure avec les gestionnaires de la saisie des parcours de formation sur l\u2019application Ga\u00efa,<\/li>\n<li>peut lui-m\u00eame assurer les diff\u00e9rentes saisies des actes administratifs et financiers li\u00e9s \u00e0 la mise en \u0153uvre des formations.<\/li>\n<\/ul>\n<p>En fonction de l\u2019\u00e9volution des missions confi\u00e9es \u00e0 l\u2019EAFC, il ou elle peut se voir confier de nouveaux dossiers.<\/p>\n<p><strong>La date limite de candidature a \u00e9t\u00e9 report\u00e9e au 11 mai.<\/strong><\/p>\n<p><strong>En savoir plus\u00a0<\/strong> : <a href=\"https:\/\/ecogestion-legt.enseigne.ac-lyon.fr\/legt\/wp-content\/uploads\/2022\/05\/bir-n-25-2021-2022-27072.pdf\">voir le BIR n\u00b0 25 du 4 avril bir-n-25&#8212;2021-2022-27072.pdf, page 8<\/a><\/p>\n","protected":false},"excerpt":{"rendered":"<p>&nbsp; L\u2019\u00c9cole acad\u00e9mique de formation continue recrute des ing\u00e9nieurs(es) de formation \u00e0 temps plein. Ces postes sont \u00e0 pourvoir au 1er septembre 2022, pour une p\u00e9riode de cinq ans cons\u00e9cutifs, \u00e0 temps plein, maximum. Mission : L\u2019ing\u00e9nieur(e) de formation assure la gestion et la coordination des actions de formation dans leur globalit\u00e9, depuis l\u2019\u00e9mergence de [&hellip;]<\/p>\n","protected":false},"author":17,"featured_media":0,"comment_status":"closed","ping_status":"closed","sticky":false,"template":"","format":"standard","meta":{"footnotes":""},"categories":[12],"tags":[558,573,610,611,641,700,701],"class_list":["post-16254","post","type-post","status-publish","format-standard","hentry","category-flashs","tag-ecogest","tag-economie-et-gestion","tag-jip","tag-innovations","tag-recrutement","tag-breve","tag-flash"],"_links":{"self":[{"href":"https:\/\/ecogestion-legt.enseigne.ac-lyon.fr\/legt\/wp-json\/wp\/v2\/posts\/16254","targetHints":{"allow":["GET"]}}],"collection":[{"href":"https:\/\/ecogestion-legt.enseigne.ac-lyon.fr\/legt\/wp-json\/wp\/v2\/posts"}],"about":[{"href":"https:\/\/ecogestion-legt.enseigne.ac-lyon.fr\/legt\/wp-json\/wp\/v2\/types\/post"}],"author":[{"embeddable":true,"href":"https:\/\/ecogestion-legt.enseigne.ac-lyon.fr\/legt\/wp-json\/wp\/v2\/users\/17"}],"replies":[{"embeddable":true,"href":"https:\/\/ecogestion-legt.enseigne.ac-lyon.fr\/legt\/wp-json\/wp\/v2\/comments?post=16254"}],"version-history":[{"count":1,"href":"https:\/\/ecogestion-legt.enseigne.ac-lyon.fr\/legt\/wp-json\/wp\/v2\/posts\/16254\/revisions"}],"predecessor-version":[{"id":16256,"href":"https:\/\/ecogestion-legt.enseigne.ac-lyon.fr\/legt\/wp-json\/wp\/v2\/posts\/16254\/revisions\/16256"}],"wp:attachment":[{"href":"https:\/\/ecogestion-legt.enseigne.ac-lyon.fr\/legt\/wp-json\/wp\/v2\/media?parent=16254"}],"wp:term":[{"taxonomy":"category","embeddable":true,"href":"https:\/\/ecogestion-legt.enseigne.ac-lyon.fr\/legt\/wp-json\/wp\/v2\/categories?post=16254"},{"taxonomy":"post_tag","embeddable":true,"href":"https:\/\/ecogestion-legt.enseigne.ac-lyon.fr\/legt\/wp-json\/wp\/v2\/tags?post=16254"}],"curies":[{"name":"wp","href":"https:\/\/api.w.org\/{rel}","templated":true}]}}