
{"id":16210,"date":"2022-04-29T16:44:26","date_gmt":"2022-04-29T14:44:26","guid":{"rendered":"https:\/\/ecogestion-legt.enseigne.ac-lyon.fr\/legt\/?p=16210&#038;preview=true&#038;preview_id=16210"},"modified":"2022-04-29T16:44:48","modified_gmt":"2022-04-29T14:44:48","slug":"la-journee-de-linnovation-pedagogique-jip-de-lyon-aura-lieu-le-11-mai-apres-midi","status":"publish","type":"post","link":"https:\/\/ecogestion-legt.enseigne.ac-lyon.fr\/legt\/la-journee-de-linnovation-pedagogique-jip-de-lyon-aura-lieu-le-11-mai-apres-midi\/","title":{"rendered":"\u00c9coGest Lyon : La Journ\u00e9e de l\u2019Innovation P\u00e9dagogique (JIP) de Lyon aura lieu le 11 mai apr\u00e8s-midi."},"content":{"rendered":"<p>Journ\u00e9e de l\u2019innovation p\u00e9dagogique Lyon le 11 mai apr\u00e8s-midi, nous invitons les professeurs \u00e0 y participer.<\/p>\n<p><a href=\"https:\/\/www.ac-lyon.fr\/jip22-journee-de-l-innovation-pedagogique-124358?msclkid=60ad81c1c7b011ec9ff19d51bcbbbdcf\" target=\"_blank\" rel=\"noopener noreferrer\">JIP22 Journ\u00e9e de l&rsquo;Innovation P\u00e9dagogique | Acad\u00e9mie de Lyon (ac-lyon.fr)<\/a><\/p>\n<p>&nbsp;<\/p>\n","protected":false},"excerpt":{"rendered":"<p>Journ\u00e9e de l\u2019innovation p\u00e9dagogique Lyon le 11 mai apr\u00e8s-midi, nous invitons les professeurs \u00e0 y participer. JIP22 Journ\u00e9e de l&rsquo;Innovation P\u00e9dagogique | Acad\u00e9mie de Lyon (ac-lyon.fr) &nbsp;<\/p>\n","protected":false},"author":17,"featured_media":0,"comment_status":"closed","ping_status":"closed","sticky":false,"template":"","format":"standard","meta":{"footnotes":""},"categories":[12],"tags":[558,573,610,611,700,701],"class_list":["post-16210","post","type-post","status-publish","format-standard","hentry","category-flashs","tag-ecogest","tag-economie-et-gestion","tag-jip","tag-innovations","tag-breve","tag-flash"],"_links":{"self":[{"href":"https:\/\/ecogestion-legt.enseigne.ac-lyon.fr\/legt\/wp-json\/wp\/v2\/posts\/16210","targetHints":{"allow":["GET"]}}],"collection":[{"href":"https:\/\/ecogestion-legt.enseigne.ac-lyon.fr\/legt\/wp-json\/wp\/v2\/posts"}],"about":[{"href":"https:\/\/ecogestion-legt.enseigne.ac-lyon.fr\/legt\/wp-json\/wp\/v2\/types\/post"}],"author":[{"embeddable":true,"href":"https:\/\/ecogestion-legt.enseigne.ac-lyon.fr\/legt\/wp-json\/wp\/v2\/users\/17"}],"replies":[{"embeddable":true,"href":"https:\/\/ecogestion-legt.enseigne.ac-lyon.fr\/legt\/wp-json\/wp\/v2\/comments?post=16210"}],"version-history":[{"count":1,"href":"https:\/\/ecogestion-legt.enseigne.ac-lyon.fr\/legt\/wp-json\/wp\/v2\/posts\/16210\/revisions"}],"predecessor-version":[{"id":16211,"href":"https:\/\/ecogestion-legt.enseigne.ac-lyon.fr\/legt\/wp-json\/wp\/v2\/posts\/16210\/revisions\/16211"}],"wp:attachment":[{"href":"https:\/\/ecogestion-legt.enseigne.ac-lyon.fr\/legt\/wp-json\/wp\/v2\/media?parent=16210"}],"wp:term":[{"taxonomy":"category","embeddable":true,"href":"https:\/\/ecogestion-legt.enseigne.ac-lyon.fr\/legt\/wp-json\/wp\/v2\/categories?post=16210"},{"taxonomy":"post_tag","embeddable":true,"href":"https:\/\/ecogestion-legt.enseigne.ac-lyon.fr\/legt\/wp-json\/wp\/v2\/tags?post=16210"}],"curies":[{"name":"wp","href":"https:\/\/api.w.org\/{rel}","templated":true}]}}