
{"id":16173,"date":"2022-04-11T07:55:03","date_gmt":"2022-04-11T05:55:03","guid":{"rendered":"https:\/\/ecogestion-legt.enseigne.ac-lyon.fr\/legt\/?p=16173&#038;preview=true&#038;preview_id=16173"},"modified":"2022-04-11T08:20:49","modified_gmt":"2022-04-11T06:20:49","slug":"les-inscriptions-au-service-national-universel-cest-en-ce-moment","status":"publish","type":"post","link":"https:\/\/ecogestion-legt.enseigne.ac-lyon.fr\/legt\/les-inscriptions-au-service-national-universel-cest-en-ce-moment\/","title":{"rendered":"\u00c9coGest Lyon : Les inscriptions au Service national universel, c&rsquo;est en ce moment !\u00a0"},"content":{"rendered":"<p><a href=\"https:\/\/www.snu.gouv.fr\/\" target=\"_blank\" rel=\"noopener noreferrer\">Les inscriptions au Service national universel<\/a>, c&rsquo;est en ce moment !<\/p>\n<p>D\u00e9couvrez l\u2019exp\u00e9rience SNU d\u00e9j\u00e0 v\u00e9cue par des milliers de jeunes l<a href=\"https:\/\/www.youtube.com\/watch?v=WZ6wDHD5Drg\" target=\"_blank\" rel=\"noopener noreferrer\">ors du s\u00e9jour de f\u00e9vrier<\/a><\/p>\n","protected":false},"excerpt":{"rendered":"<p>Les inscriptions au Service national universel, c&rsquo;est en ce moment ! D\u00e9couvrez l\u2019exp\u00e9rience SNU d\u00e9j\u00e0 v\u00e9cue par des milliers de jeunes lors du s\u00e9jour de f\u00e9vrier<\/p>\n","protected":false},"author":17,"featured_media":0,"comment_status":"closed","ping_status":"closed","sticky":false,"template":"","format":"standard","meta":{"footnotes":""},"categories":[12],"tags":[573,700,701,744,745,558],"class_list":["post-16173","post","type-post","status-publish","format-standard","hentry","category-flashs","tag-economie-et-gestion","tag-breve","tag-flash","tag-snu","tag-sejour_national_universel","tag-ecogest"],"_links":{"self":[{"href":"https:\/\/ecogestion-legt.enseigne.ac-lyon.fr\/legt\/wp-json\/wp\/v2\/posts\/16173","targetHints":{"allow":["GET"]}}],"collection":[{"href":"https:\/\/ecogestion-legt.enseigne.ac-lyon.fr\/legt\/wp-json\/wp\/v2\/posts"}],"about":[{"href":"https:\/\/ecogestion-legt.enseigne.ac-lyon.fr\/legt\/wp-json\/wp\/v2\/types\/post"}],"author":[{"embeddable":true,"href":"https:\/\/ecogestion-legt.enseigne.ac-lyon.fr\/legt\/wp-json\/wp\/v2\/users\/17"}],"replies":[{"embeddable":true,"href":"https:\/\/ecogestion-legt.enseigne.ac-lyon.fr\/legt\/wp-json\/wp\/v2\/comments?post=16173"}],"version-history":[{"count":1,"href":"https:\/\/ecogestion-legt.enseigne.ac-lyon.fr\/legt\/wp-json\/wp\/v2\/posts\/16173\/revisions"}],"predecessor-version":[{"id":16174,"href":"https:\/\/ecogestion-legt.enseigne.ac-lyon.fr\/legt\/wp-json\/wp\/v2\/posts\/16173\/revisions\/16174"}],"wp:attachment":[{"href":"https:\/\/ecogestion-legt.enseigne.ac-lyon.fr\/legt\/wp-json\/wp\/v2\/media?parent=16173"}],"wp:term":[{"taxonomy":"category","embeddable":true,"href":"https:\/\/ecogestion-legt.enseigne.ac-lyon.fr\/legt\/wp-json\/wp\/v2\/categories?post=16173"},{"taxonomy":"post_tag","embeddable":true,"href":"https:\/\/ecogestion-legt.enseigne.ac-lyon.fr\/legt\/wp-json\/wp\/v2\/tags?post=16173"}],"curies":[{"name":"wp","href":"https:\/\/api.w.org\/{rel}","templated":true}]}}