
{"id":16002,"date":"2022-03-20T22:29:31","date_gmt":"2022-03-20T21:29:31","guid":{"rendered":"https:\/\/ecogestion-legt.enseigne.ac-lyon.fr\/legt\/?p=16002&#038;preview=true&#038;preview_id=16002"},"modified":"2022-03-20T22:29:31","modified_gmt":"2022-03-20T21:29:31","slug":"semaine-de-la-presse-et-des-medias-dans-lecole","status":"publish","type":"post","link":"https:\/\/ecogestion-legt.enseigne.ac-lyon.fr\/legt\/semaine-de-la-presse-et-des-medias-dans-lecole\/","title":{"rendered":"\u00c9coGest Lyon : Semaine de la presse et des m\u00e9dias dans l\u2019\u00c9cole &#8230;"},"content":{"rendered":"<p>Du 21 au 26 mars 2022 : Semaine de la presse et des m\u00e9dias dans l\u2019\u00c9cole\u00ae organis\u00e9e par le Centre pour l&rsquo;\u00e9ducation aux m\u00e9dias et \u00e0 l&rsquo;information (Clemi)<\/p>\n<p>Retrouver sur \u00e9duscol <a href=\"https:\/\/eduscol.education.fr\/2693\/pistes-d-actions-pour-la-semaine-de-la-presse-et-des-medias-dans-l-ecole\" target=\"_blank\" rel=\"noopener noreferrer\">des pistes d\u2019actions pour la Semaine de la presse et des m\u00e9dias dans l\u2019\u00c9cole<\/a>.<\/p>\n","protected":false},"excerpt":{"rendered":"<p>Du 21 au 26 mars 2022 : Semaine de la presse et des m\u00e9dias dans l\u2019\u00c9cole\u00ae organis\u00e9e par le Centre pour l&rsquo;\u00e9ducation aux m\u00e9dias et \u00e0 l&rsquo;information (Clemi) Retrouver sur \u00e9duscol des pistes d\u2019actions pour la Semaine de la presse et des m\u00e9dias dans l\u2019\u00c9cole.<\/p>\n","protected":false},"author":17,"featured_media":0,"comment_status":"closed","ping_status":"closed","sticky":false,"template":"","format":"standard","meta":{"footnotes":""},"categories":[12],"tags":[700,701,713,727],"class_list":["post-16002","post","type-post","status-publish","format-standard","hentry","category-flashs","tag-breve","tag-flash","tag-evenement","tag-semaine_de_la_presse"],"_links":{"self":[{"href":"https:\/\/ecogestion-legt.enseigne.ac-lyon.fr\/legt\/wp-json\/wp\/v2\/posts\/16002","targetHints":{"allow":["GET"]}}],"collection":[{"href":"https:\/\/ecogestion-legt.enseigne.ac-lyon.fr\/legt\/wp-json\/wp\/v2\/posts"}],"about":[{"href":"https:\/\/ecogestion-legt.enseigne.ac-lyon.fr\/legt\/wp-json\/wp\/v2\/types\/post"}],"author":[{"embeddable":true,"href":"https:\/\/ecogestion-legt.enseigne.ac-lyon.fr\/legt\/wp-json\/wp\/v2\/users\/17"}],"replies":[{"embeddable":true,"href":"https:\/\/ecogestion-legt.enseigne.ac-lyon.fr\/legt\/wp-json\/wp\/v2\/comments?post=16002"}],"version-history":[{"count":1,"href":"https:\/\/ecogestion-legt.enseigne.ac-lyon.fr\/legt\/wp-json\/wp\/v2\/posts\/16002\/revisions"}],"predecessor-version":[{"id":16003,"href":"https:\/\/ecogestion-legt.enseigne.ac-lyon.fr\/legt\/wp-json\/wp\/v2\/posts\/16002\/revisions\/16003"}],"wp:attachment":[{"href":"https:\/\/ecogestion-legt.enseigne.ac-lyon.fr\/legt\/wp-json\/wp\/v2\/media?parent=16002"}],"wp:term":[{"taxonomy":"category","embeddable":true,"href":"https:\/\/ecogestion-legt.enseigne.ac-lyon.fr\/legt\/wp-json\/wp\/v2\/categories?post=16002"},{"taxonomy":"post_tag","embeddable":true,"href":"https:\/\/ecogestion-legt.enseigne.ac-lyon.fr\/legt\/wp-json\/wp\/v2\/tags?post=16002"}],"curies":[{"name":"wp","href":"https:\/\/api.w.org\/{rel}","templated":true}]}}