
{"id":15798,"date":"2022-02-24T15:32:38","date_gmt":"2022-02-24T14:32:38","guid":{"rendered":"https:\/\/ecogestion-legt.enseigne.ac-lyon.fr\/legt\/?p=15798&#038;preview=true&#038;preview_id=15798"},"modified":"2022-02-26T19:22:00","modified_gmt":"2022-02-26T18:22:00","slug":"un-parcours-mgistere-dediee-a-la-suite-applicative-e-combox","status":"publish","type":"post","link":"https:\/\/ecogestion-legt.enseigne.ac-lyon.fr\/legt\/un-parcours-mgistere-dediee-a-la-suite-applicative-e-combox\/","title":{"rendered":"\u00c9coGest Lyon : Un parcours M@gist\u00e8re d\u00e9di\u00e9 \u00e0 la suite applicative e-comBox"},"content":{"rendered":"<p>La suite applicative<strong> e-comBox<\/strong> a \u00e9t\u00e9 d\u00e9velopp\u00e9e sp\u00e9cifiquement pour les <strong>enseignements d\u2019\u00e9conomie et gestion<\/strong>.<\/p>\n<p>L\u2019ouverture d\u2019un parcours <strong>M@gist\u00e8re<\/strong> d&rsquo;accompagnement aux usages de l&rsquo;e-comBox est accessible \u00e0 l&rsquo;adresse suivante : <a href=\"https:\/\/magistere.education.fr\/f1091\" target=\"_blank\" rel=\"noopener noreferrer\">https:\/\/magistere.education.fr\/f1091<\/a><\/p>\n<p>Il est ouvert \u00e0 tous, en<strong> auto-inscription<\/strong>.<\/p>\n<p>&nbsp;<\/p>\n<p>&nbsp;<\/p>\n","protected":false},"excerpt":{"rendered":"<p>La suite applicative e-comBox a \u00e9t\u00e9 d\u00e9velopp\u00e9e sp\u00e9cifiquement pour les enseignements d\u2019\u00e9conomie et gestion. L\u2019ouverture d\u2019un parcours M@gist\u00e8re d&rsquo;accompagnement aux usages de l&rsquo;e-comBox est accessible \u00e0 l&rsquo;adresse suivante : https:\/\/magistere.education.fr\/f1091 Il est ouvert \u00e0 tous, en auto-inscription. &nbsp; &nbsp;<\/p>\n","protected":false},"author":17,"featured_media":0,"comment_status":"closed","ping_status":"closed","sticky":false,"template":"","format":"standard","meta":{"footnotes":""},"categories":[12],"tags":[510,620,700,701,708],"class_list":["post-15798","post","type-post","status-publish","format-standard","hentry","category-flashs","tag-e-combox","tag-application","tag-breve","tag-flash","tag-mgistere"],"_links":{"self":[{"href":"https:\/\/ecogestion-legt.enseigne.ac-lyon.fr\/legt\/wp-json\/wp\/v2\/posts\/15798","targetHints":{"allow":["GET"]}}],"collection":[{"href":"https:\/\/ecogestion-legt.enseigne.ac-lyon.fr\/legt\/wp-json\/wp\/v2\/posts"}],"about":[{"href":"https:\/\/ecogestion-legt.enseigne.ac-lyon.fr\/legt\/wp-json\/wp\/v2\/types\/post"}],"author":[{"embeddable":true,"href":"https:\/\/ecogestion-legt.enseigne.ac-lyon.fr\/legt\/wp-json\/wp\/v2\/users\/17"}],"replies":[{"embeddable":true,"href":"https:\/\/ecogestion-legt.enseigne.ac-lyon.fr\/legt\/wp-json\/wp\/v2\/comments?post=15798"}],"version-history":[{"count":5,"href":"https:\/\/ecogestion-legt.enseigne.ac-lyon.fr\/legt\/wp-json\/wp\/v2\/posts\/15798\/revisions"}],"predecessor-version":[{"id":15809,"href":"https:\/\/ecogestion-legt.enseigne.ac-lyon.fr\/legt\/wp-json\/wp\/v2\/posts\/15798\/revisions\/15809"}],"wp:attachment":[{"href":"https:\/\/ecogestion-legt.enseigne.ac-lyon.fr\/legt\/wp-json\/wp\/v2\/media?parent=15798"}],"wp:term":[{"taxonomy":"category","embeddable":true,"href":"https:\/\/ecogestion-legt.enseigne.ac-lyon.fr\/legt\/wp-json\/wp\/v2\/categories?post=15798"},{"taxonomy":"post_tag","embeddable":true,"href":"https:\/\/ecogestion-legt.enseigne.ac-lyon.fr\/legt\/wp-json\/wp\/v2\/tags?post=15798"}],"curies":[{"name":"wp","href":"https:\/\/api.w.org\/{rel}","templated":true}]}}