
{"id":15762,"date":"2022-02-06T23:03:09","date_gmt":"2022-02-06T22:03:09","guid":{"rendered":"https:\/\/ecogestion-legt.enseigne.ac-lyon.fr\/legt\/?p=15762&#038;preview=true&#038;preview_id=15762"},"modified":"2022-02-06T23:03:09","modified_gmt":"2022-02-06T22:03:09","slug":"les-cites-educatives-un-label-dexcellence-bilan","status":"publish","type":"post","link":"https:\/\/ecogestion-legt.enseigne.ac-lyon.fr\/legt\/les-cites-educatives-un-label-dexcellence-bilan\/","title":{"rendered":"\u00c9coGest Lyon : Les cit\u00e9s \u00e9ducatives, un label d\u2019excellence : bilan"},"content":{"rendered":"<p>Rappel des objectifs des cit\u00e9s \u00e9ducatives : Depuis trente ans, les in\u00e9galit\u00e9s de destin ont progress\u00e9 dans notre pays : selon l\u2019endroit de naissance, sa famille, l\u2019\u00e9cole fr\u00e9quent\u00e9e, les chances de r\u00e9ussite ne sont pas les m\u00eames. C\u2019est pourquoi le minist\u00e8re charg\u00e9 de la Ville et le minist\u00e8re de l\u2019\u00c9ducation nationale et de la Jeunesse ont d\u00e9cid\u00e9 de mettre en \u0153uvre des mesures fortes \u00e0 chaque \u00e9tape du parcours des enfants. Les Cit\u00e9s \u00e9ducatives visent \u00e0 intensifier les prises en charges \u00e9ducatives des enfants et des jeunes, de la naissance \u00e0 l\u2019insertion professionnelle, avant, pendant, autour et apr\u00e8s le cadre scolaire. Elles consistent en une grande alliance des acteurs \u00e9ducatifs dans les quartiers prioritaires de la politique de la ville : parents, services de l\u2019\u00c9tat, des collectivit\u00e9s, associations, habitants<\/p>\n<p>A ce jour, ce sont :<\/p>\n<p>200 cit\u00e9s \u00e9ducatives labellis\u00e9es (annonce des 74 nouveaux laur\u00e9ats du label Cit\u00e9 \u00e9ducative) ;<br \/>1 million de jeunes de 0 \u00e0 25 ans ;<br \/>230 M\u20ac du minist\u00e8re de la Ville ;<br \/>323 coll\u00e8ges et 600 \u00e9coles mobilis\u00e9s, en sus des lyc\u00e9es et universit\u00e9s.<br \/>Pour en savoir plus : Cit\u00e9s \u00e9ducatives (citeseducatives.fr)<\/p>\n","protected":false},"excerpt":{"rendered":"<p>Rappel des objectifs des cit\u00e9s \u00e9ducatives : Depuis trente ans, les in\u00e9galit\u00e9s de destin ont progress\u00e9 dans notre pays : selon l\u2019endroit de naissance, sa famille, l\u2019\u00e9cole fr\u00e9quent\u00e9e, les chances de r\u00e9ussite ne sont pas les m\u00eames. C\u2019est pourquoi le minist\u00e8re charg\u00e9 de la Ville et le minist\u00e8re de l\u2019\u00c9ducation nationale et de la Jeunesse [&hellip;]<\/p>\n","protected":false},"author":17,"featured_media":0,"comment_status":"closed","ping_status":"closed","sticky":false,"template":"","format":"standard","meta":{"footnotes":""},"categories":[12],"tags":[699,700,701],"class_list":["post-15762","post","type-post","status-publish","format-standard","hentry","category-flashs","tag-cites-educatives","tag-breve","tag-flash"],"_links":{"self":[{"href":"https:\/\/ecogestion-legt.enseigne.ac-lyon.fr\/legt\/wp-json\/wp\/v2\/posts\/15762","targetHints":{"allow":["GET"]}}],"collection":[{"href":"https:\/\/ecogestion-legt.enseigne.ac-lyon.fr\/legt\/wp-json\/wp\/v2\/posts"}],"about":[{"href":"https:\/\/ecogestion-legt.enseigne.ac-lyon.fr\/legt\/wp-json\/wp\/v2\/types\/post"}],"author":[{"embeddable":true,"href":"https:\/\/ecogestion-legt.enseigne.ac-lyon.fr\/legt\/wp-json\/wp\/v2\/users\/17"}],"replies":[{"embeddable":true,"href":"https:\/\/ecogestion-legt.enseigne.ac-lyon.fr\/legt\/wp-json\/wp\/v2\/comments?post=15762"}],"version-history":[{"count":1,"href":"https:\/\/ecogestion-legt.enseigne.ac-lyon.fr\/legt\/wp-json\/wp\/v2\/posts\/15762\/revisions"}],"predecessor-version":[{"id":15763,"href":"https:\/\/ecogestion-legt.enseigne.ac-lyon.fr\/legt\/wp-json\/wp\/v2\/posts\/15762\/revisions\/15763"}],"wp:attachment":[{"href":"https:\/\/ecogestion-legt.enseigne.ac-lyon.fr\/legt\/wp-json\/wp\/v2\/media?parent=15762"}],"wp:term":[{"taxonomy":"category","embeddable":true,"href":"https:\/\/ecogestion-legt.enseigne.ac-lyon.fr\/legt\/wp-json\/wp\/v2\/categories?post=15762"},{"taxonomy":"post_tag","embeddable":true,"href":"https:\/\/ecogestion-legt.enseigne.ac-lyon.fr\/legt\/wp-json\/wp\/v2\/tags?post=15762"}],"curies":[{"name":"wp","href":"https:\/\/api.w.org\/{rel}","templated":true}]}}