
{"id":15648,"date":"2022-01-16T23:34:39","date_gmt":"2022-01-16T22:34:39","guid":{"rendered":"https:\/\/ecogestion-legt.enseigne.ac-lyon.fr\/legt\/?p=15648&#038;preview=true&#038;preview_id=15648"},"modified":"2022-01-16T23:35:12","modified_gmt":"2022-01-16T22:35:12","slug":"le-pass-culture","status":"publish","type":"post","link":"https:\/\/ecogestion-legt.enseigne.ac-lyon.fr\/legt\/le-pass-culture\/","title":{"rendered":"\u00c9coGest Lyon : Le Pass Culture se d\u00e9ploie sur tout le territoire dans deux nouvelles d\u00e9clinaisons.\u00a0"},"content":{"rendered":"<p>\u00c0 partir de d\u00e9but janvier 2022, le <a href=\"https:\/\/eduscol.education.fr\/3013\/le-pass-culture-un-dispositif-pour-les-eleves-et-leurs-professeurs\" target=\"_blank\" rel=\"noopener noreferrer\">pass Culture<\/a> se d\u00e9ploie sur tout le territoire dans deux nouvelles d\u00e9clinaisons.\u00a0<\/p>\n<p>&nbsp;<\/p>\n<p>&nbsp;<\/p>\n<p>&nbsp;<\/p>\n","protected":false},"excerpt":{"rendered":"<p>\u00c0 partir de d\u00e9but janvier 2022, le pass Culture se d\u00e9ploie sur tout le territoire dans deux nouvelles d\u00e9clinaisons.\u00a0 &nbsp; &nbsp; &nbsp;<\/p>\n","protected":false},"author":17,"featured_media":0,"comment_status":"closed","ping_status":"closed","sticky":false,"template":"","format":"standard","meta":{"footnotes":""},"categories":[12],"tags":[562,573,663,664,665],"class_list":["post-15648","post","type-post","status-publish","format-standard","hentry","category-flashs","tag-ecogestion","tag-economie-et-gestion","tag-culture","tag-professeurs","tag-eleves"],"_links":{"self":[{"href":"https:\/\/ecogestion-legt.enseigne.ac-lyon.fr\/legt\/wp-json\/wp\/v2\/posts\/15648","targetHints":{"allow":["GET"]}}],"collection":[{"href":"https:\/\/ecogestion-legt.enseigne.ac-lyon.fr\/legt\/wp-json\/wp\/v2\/posts"}],"about":[{"href":"https:\/\/ecogestion-legt.enseigne.ac-lyon.fr\/legt\/wp-json\/wp\/v2\/types\/post"}],"author":[{"embeddable":true,"href":"https:\/\/ecogestion-legt.enseigne.ac-lyon.fr\/legt\/wp-json\/wp\/v2\/users\/17"}],"replies":[{"embeddable":true,"href":"https:\/\/ecogestion-legt.enseigne.ac-lyon.fr\/legt\/wp-json\/wp\/v2\/comments?post=15648"}],"version-history":[{"count":2,"href":"https:\/\/ecogestion-legt.enseigne.ac-lyon.fr\/legt\/wp-json\/wp\/v2\/posts\/15648\/revisions"}],"predecessor-version":[{"id":15650,"href":"https:\/\/ecogestion-legt.enseigne.ac-lyon.fr\/legt\/wp-json\/wp\/v2\/posts\/15648\/revisions\/15650"}],"wp:attachment":[{"href":"https:\/\/ecogestion-legt.enseigne.ac-lyon.fr\/legt\/wp-json\/wp\/v2\/media?parent=15648"}],"wp:term":[{"taxonomy":"category","embeddable":true,"href":"https:\/\/ecogestion-legt.enseigne.ac-lyon.fr\/legt\/wp-json\/wp\/v2\/categories?post=15648"},{"taxonomy":"post_tag","embeddable":true,"href":"https:\/\/ecogestion-legt.enseigne.ac-lyon.fr\/legt\/wp-json\/wp\/v2\/tags?post=15648"}],"curies":[{"name":"wp","href":"https:\/\/api.w.org\/{rel}","templated":true}]}}