
{"id":15617,"date":"2022-01-09T22:23:07","date_gmt":"2022-01-09T21:23:07","guid":{"rendered":"https:\/\/ecogestion-legt.enseigne.ac-lyon.fr\/legt\/?p=15617&#038;preview=true&#038;preview_id=15617"},"modified":"2022-01-09T22:24:23","modified_gmt":"2022-01-09T21:24:23","slug":"les-dates-prevues-pour-le-virement-de-la-paie-des-agents-a-leur-etablissement-bancaire-en-2022-sont-disponibles","status":"publish","type":"post","link":"https:\/\/ecogestion-legt.enseigne.ac-lyon.fr\/legt\/les-dates-prevues-pour-le-virement-de-la-paie-des-agents-a-leur-etablissement-bancaire-en-2022-sont-disponibles\/","title":{"rendered":"\u00c9coGest Lyon : Les dates pr\u00e9vues pour le virement de la paie, des agents \u00e0 leur \u00e9tablissement bancaire en 2022, sont disponibles"},"content":{"rendered":"<p>La direction g\u00e9n\u00e9rale des finances publiques (DGFiP) a pr\u00e9vu, pour chaque mois de 2022, une date de virement de la paye de chaque agent public de l\u2019\u00c9tat selon <a href=\"https:\/\/www.education.gouv.fr\/la-remuneration-des-enseignants-7565#edugouv-summary-item-31\" target=\"_blank\" rel=\"noopener noreferrer\">un calendrier<\/a> qui s\u2019appliquera donc aux agents du minist\u00e8re de l\u2019\u00c9ducation nationale, de la Jeunesse et des Sports.<\/p>\n<p>&nbsp;<\/p>\n<p>&nbsp;<\/p>\n<p>&nbsp;<\/p>\n","protected":false},"excerpt":{"rendered":"<p>La direction g\u00e9n\u00e9rale des finances publiques (DGFiP) a pr\u00e9vu, pour chaque mois de 2022, une date de virement de la paye de chaque agent public de l\u2019\u00c9tat selon un calendrier qui s\u2019appliquera donc aux agents du minist\u00e8re de l\u2019\u00c9ducation nationale, de la Jeunesse et des Sports. &nbsp; &nbsp; &nbsp;<\/p>\n","protected":false},"author":17,"featured_media":0,"comment_status":"closed","ping_status":"closed","sticky":false,"template":"","format":"standard","meta":{"footnotes":""},"categories":[12],"tags":[562,573,664,690],"class_list":["post-15617","post","type-post","status-publish","format-standard","hentry","category-flashs","tag-ecogestion","tag-economie-et-gestion","tag-professeurs","tag-payes"],"_links":{"self":[{"href":"https:\/\/ecogestion-legt.enseigne.ac-lyon.fr\/legt\/wp-json\/wp\/v2\/posts\/15617","targetHints":{"allow":["GET"]}}],"collection":[{"href":"https:\/\/ecogestion-legt.enseigne.ac-lyon.fr\/legt\/wp-json\/wp\/v2\/posts"}],"about":[{"href":"https:\/\/ecogestion-legt.enseigne.ac-lyon.fr\/legt\/wp-json\/wp\/v2\/types\/post"}],"author":[{"embeddable":true,"href":"https:\/\/ecogestion-legt.enseigne.ac-lyon.fr\/legt\/wp-json\/wp\/v2\/users\/17"}],"replies":[{"embeddable":true,"href":"https:\/\/ecogestion-legt.enseigne.ac-lyon.fr\/legt\/wp-json\/wp\/v2\/comments?post=15617"}],"version-history":[{"count":2,"href":"https:\/\/ecogestion-legt.enseigne.ac-lyon.fr\/legt\/wp-json\/wp\/v2\/posts\/15617\/revisions"}],"predecessor-version":[{"id":15619,"href":"https:\/\/ecogestion-legt.enseigne.ac-lyon.fr\/legt\/wp-json\/wp\/v2\/posts\/15617\/revisions\/15619"}],"wp:attachment":[{"href":"https:\/\/ecogestion-legt.enseigne.ac-lyon.fr\/legt\/wp-json\/wp\/v2\/media?parent=15617"}],"wp:term":[{"taxonomy":"category","embeddable":true,"href":"https:\/\/ecogestion-legt.enseigne.ac-lyon.fr\/legt\/wp-json\/wp\/v2\/categories?post=15617"},{"taxonomy":"post_tag","embeddable":true,"href":"https:\/\/ecogestion-legt.enseigne.ac-lyon.fr\/legt\/wp-json\/wp\/v2\/tags?post=15617"}],"curies":[{"name":"wp","href":"https:\/\/api.w.org\/{rel}","templated":true}]}}