
{"id":14516,"date":"2023-02-17T11:04:20","date_gmt":"2023-02-17T10:04:20","guid":{"rendered":"https:\/\/ecogestion-legt.enseigne.ac-lyon.fr\/legt\/?p=14516"},"modified":"2023-02-27T07:25:42","modified_gmt":"2023-02-27T06:25:42","slug":"actualisation-de-la-mallette-pedagogique-des-neo-professeurs-contractuels-annee-2021-2022","status":"publish","type":"post","link":"https:\/\/ecogestion-legt.enseigne.ac-lyon.fr\/legt\/actualisation-de-la-mallette-pedagogique-des-neo-professeurs-contractuels-annee-2021-2022\/","title":{"rendered":"\u00c9coGest Lyon : Bo\u00eete \u00e0 outils des n\u00e9o-professeurs contractuels"},"content":{"rendered":"<p><img loading=\"lazy\" decoding=\"async\" class=\"size-full wp-image-14521 alignright\" src=\"https:\/\/ecogestion-legt.enseigne.ac-lyon.fr\/legt\/wp-content\/uploads\/2021\/08\/Cours.png\" alt=\"\" width=\"225\" height=\"225\" \/>Cette <strong>bo\u00eete \u00e0 outils des n\u00e9o-professeurs contractuels en \u00e9conomie et gestion<\/strong>, revue et actualis\u00e9e, est destin\u00e9e \u00e0 les <strong>accompagner dans leur prise de fonction <\/strong>d\u00e8s la rentr\u00e9e 2023.<\/p>\n<p>Nous esp\u00e9rons que ces<strong> rep\u00e8res contribueront \u00e0 faciliter<\/strong> votre entr\u00e9e dans ce passionnant mais exigeant m\u00e9tier !<\/p>\n<p><em>Vos avis et suggestions \u00e0 propos de ces contenus nous int\u00e9ressent, n&rsquo;h\u00e9sitez pas \u00e0 nous en faire part en vous adressant \u00e0 :<\/em><\/p>\n<p><em><a href=\"mailto:Christophe.Regnault@ac-lyon.fr\" target=\"_blank\" rel=\"noopener\">Christophe.Regnault@ac-lyon.fr<\/a><br \/>\n<\/em><\/p>\n","protected":false},"excerpt":{"rendered":"<p>Cette bo\u00eete \u00e0 outils des n\u00e9o-professeurs contractuels en \u00e9conomie et gestion, revue et actualis\u00e9e, est destin\u00e9e \u00e0 les accompagner dans leur prise de fonction d\u00e8s la rentr\u00e9e 2023. Nous esp\u00e9rons que ces rep\u00e8res contribueront \u00e0 faciliter votre entr\u00e9e dans ce passionnant mais exigeant m\u00e9tier ! Vos avis et suggestions \u00e0 propos de ces contenus nous [&hellip;]<\/p>\n","protected":false},"author":17,"featured_media":0,"comment_status":"closed","ping_status":"closed","sticky":false,"template":"","format":"standard","meta":{"footnotes":""},"categories":[56,116],"tags":[573,626],"class_list":["post-14516","post","type-post","status-publish","format-standard","hentry","category-entree-dans-le-metier","category-mallette-pedagogique-bts-nrc-ndrc","tag-economie-et-gestion","tag-neo-professeurs-contractuels"],"_links":{"self":[{"href":"https:\/\/ecogestion-legt.enseigne.ac-lyon.fr\/legt\/wp-json\/wp\/v2\/posts\/14516","targetHints":{"allow":["GET"]}}],"collection":[{"href":"https:\/\/ecogestion-legt.enseigne.ac-lyon.fr\/legt\/wp-json\/wp\/v2\/posts"}],"about":[{"href":"https:\/\/ecogestion-legt.enseigne.ac-lyon.fr\/legt\/wp-json\/wp\/v2\/types\/post"}],"author":[{"embeddable":true,"href":"https:\/\/ecogestion-legt.enseigne.ac-lyon.fr\/legt\/wp-json\/wp\/v2\/users\/17"}],"replies":[{"embeddable":true,"href":"https:\/\/ecogestion-legt.enseigne.ac-lyon.fr\/legt\/wp-json\/wp\/v2\/comments?post=14516"}],"version-history":[{"count":32,"href":"https:\/\/ecogestion-legt.enseigne.ac-lyon.fr\/legt\/wp-json\/wp\/v2\/posts\/14516\/revisions"}],"predecessor-version":[{"id":19247,"href":"https:\/\/ecogestion-legt.enseigne.ac-lyon.fr\/legt\/wp-json\/wp\/v2\/posts\/14516\/revisions\/19247"}],"wp:attachment":[{"href":"https:\/\/ecogestion-legt.enseigne.ac-lyon.fr\/legt\/wp-json\/wp\/v2\/media?parent=14516"}],"wp:term":[{"taxonomy":"category","embeddable":true,"href":"https:\/\/ecogestion-legt.enseigne.ac-lyon.fr\/legt\/wp-json\/wp\/v2\/categories?post=14516"},{"taxonomy":"post_tag","embeddable":true,"href":"https:\/\/ecogestion-legt.enseigne.ac-lyon.fr\/legt\/wp-json\/wp\/v2\/tags?post=14516"}],"curies":[{"name":"wp","href":"https:\/\/api.w.org\/{rel}","templated":true}]}}