
{"id":13755,"date":"2024-01-29T05:40:24","date_gmt":"2024-01-29T04:40:24","guid":{"rendered":"https:\/\/ecogestion-legt.enseigne.ac-lyon.fr\/legt\/?p=13755"},"modified":"2024-01-28T18:39:19","modified_gmt":"2024-01-28T17:39:19","slug":"ecogest-lyon-la-quatrieme-edition-du-dgemc-challenge-est-lancee","status":"publish","type":"post","link":"https:\/\/ecogestion-legt.enseigne.ac-lyon.fr\/legt\/ecogest-lyon-la-quatrieme-edition-du-dgemc-challenge-est-lancee\/","title":{"rendered":"\u00c9coGest Lyon : Dans la peau de d\u00e9put\u00e9s au Parlement europ\u00e9en"},"content":{"rendered":"<h2>Les terminales du lyc\u00e9e Albert Thomas dans la peau de d\u00e9put\u00e9s au Parlement europ\u00e9en<\/h2>\n<p>&nbsp;<\/p>\n<p>Dans le cadre du programme <strong>Euroscola<\/strong> qui donne la possibilit\u00e9 \u00e0 des lyc\u00e9ens europ\u00e9ens de devenir le temps d&rsquo;une journ\u00e9e, d\u00e9put\u00e9 europ\u00e9en, 16 \u00e9l\u00e8ves du lyc\u00e9e Albert Thomas de Roanne se sont rendus \u00e0 Strasbourg pour d\u00e9battre de la cybercriminalit\u00e9 et des dangers li\u00e9s \u00e0 Internet.<\/p>\n<p>Lire la suite :[gview file=\u00a0\u00bbhttps:\/\/ecogestion-legt.enseigne.ac-lyon.fr\/legt\/wp-content\/uploads\/2024\/03\/parlementeuropeen.pdf\u00a0\u00bb]<\/p>\n","protected":false},"excerpt":{"rendered":"<p>Les terminales du lyc\u00e9e Albert Thomas dans la peau de d\u00e9put\u00e9s au Parlement europ\u00e9en &nbsp; Dans le cadre du programme Euroscola qui donne la possibilit\u00e9 \u00e0 des lyc\u00e9ens europ\u00e9ens de devenir le temps d&rsquo;une journ\u00e9e, d\u00e9put\u00e9 europ\u00e9en, 16 \u00e9l\u00e8ves du lyc\u00e9e Albert Thomas de Roanne se sont rendus \u00e0 Strasbourg pour d\u00e9battre de la cybercriminalit\u00e9 [&hellip;]<\/p>\n","protected":false},"author":17,"featured_media":20840,"comment_status":"closed","ping_status":"closed","sticky":false,"template":"","format":"standard","meta":{"footnotes":""},"categories":[304,135,152],"tags":[393,532,558,562,573,575,576,577],"class_list":["post-13755","post","type-post","status-publish","format-standard","has-post-thumbnail","hentry","category-actualites-dgemc","category-mallette-pedagogique-dgemc","category-zooms","tag-accueil_zoom","tag-droit","tag-ecogest","tag-ecogestion","tag-economie-et-gestion","tag-dgemc","tag-challenge","tag-acc"],"_links":{"self":[{"href":"https:\/\/ecogestion-legt.enseigne.ac-lyon.fr\/legt\/wp-json\/wp\/v2\/posts\/13755","targetHints":{"allow":["GET"]}}],"collection":[{"href":"https:\/\/ecogestion-legt.enseigne.ac-lyon.fr\/legt\/wp-json\/wp\/v2\/posts"}],"about":[{"href":"https:\/\/ecogestion-legt.enseigne.ac-lyon.fr\/legt\/wp-json\/wp\/v2\/types\/post"}],"author":[{"embeddable":true,"href":"https:\/\/ecogestion-legt.enseigne.ac-lyon.fr\/legt\/wp-json\/wp\/v2\/users\/17"}],"replies":[{"embeddable":true,"href":"https:\/\/ecogestion-legt.enseigne.ac-lyon.fr\/legt\/wp-json\/wp\/v2\/comments?post=13755"}],"version-history":[{"count":15,"href":"https:\/\/ecogestion-legt.enseigne.ac-lyon.fr\/legt\/wp-json\/wp\/v2\/posts\/13755\/revisions"}],"predecessor-version":[{"id":20875,"href":"https:\/\/ecogestion-legt.enseigne.ac-lyon.fr\/legt\/wp-json\/wp\/v2\/posts\/13755\/revisions\/20875"}],"wp:featuredmedia":[{"embeddable":true,"href":"https:\/\/ecogestion-legt.enseigne.ac-lyon.fr\/legt\/wp-json\/wp\/v2\/media\/20840"}],"wp:attachment":[{"href":"https:\/\/ecogestion-legt.enseigne.ac-lyon.fr\/legt\/wp-json\/wp\/v2\/media?parent=13755"}],"wp:term":[{"taxonomy":"category","embeddable":true,"href":"https:\/\/ecogestion-legt.enseigne.ac-lyon.fr\/legt\/wp-json\/wp\/v2\/categories?post=13755"},{"taxonomy":"post_tag","embeddable":true,"href":"https:\/\/ecogestion-legt.enseigne.ac-lyon.fr\/legt\/wp-json\/wp\/v2\/tags?post=13755"}],"curies":[{"name":"wp","href":"https:\/\/api.w.org\/{rel}","templated":true}]}}